{"id":7485,"date":"2015-09-15T18:23:26","date_gmt":"2015-09-15T18:23:26","guid":{"rendered":""},"modified":"2015-09-15T18:23:26","modified_gmt":"2015-09-15T18:23:26","slug":"aceite-de-oliva-virgen-extra-protege-contra-cancer-de-mama","status":"publish","type":"post","link":"https:\/\/sertv.gob.pa\/nacionalfm\/aceite-de-oliva-virgen-extra-protege-contra-cancer-de-mama\/","title":{"rendered":"Aceite de oliva virgen extra protege contra c\u00e1ncer de mama"},"content":{"rendered":"<p>\nUn estudio llevado a cabo por investigadores espa\u00f1oles ha demostrado que seguir una dieta mediterr\u00e1nea rica en aceite de oliva virgen extra, puede disminuir hasta en dos terceras partes el peligro de sufrir c\u00e1ncer de mama. <\/p>\n<p>De hecho, por cada 5 % m\u00e1s de calor\u00edas procedentes de este tipo de aceite se reduce en un 28 % el riesgo de padecer un tumor de mama, una de las causas de muerte m\u00e1s frecuente en las mujeres. <\/p>\n<p>As\u00ed se demuestra en el estudio, que publica la revista JAMA Internal Medicina, coordinado por la Universidad de Navarra y el Centro de Investigaci\u00f3n Biom\u00e9dica en Red-Fisiopatolog\u00eda de la Obesidad y la Nutrici\u00f3n (CIBERobn), cuyos resultados fueron presentados en rueda de prensa. <\/p>\n<p>Se trata del primer trabajo cient\u00edfico que demuestra con un ensayo aleatorizado el valor preventivo de la dieta mediterr\u00e1nea contra el c\u00e1ncer de mama, ya que hasta ahora los estudios se basaban s\u00f3lo en la observaci\u00f3n. <\/p>\n","protected":false},"excerpt":{"rendered":"<p>Un estudio llevado a cabo por investigadores espa\u00f1oles ha demostrado <a href=\"https:\/\/sertv.gob.pa\/nacionalfm\/aceite-de-oliva-virgen-extra-protege-contra-cancer-de-mama\/\"> [&#8230;]<\/a><\/p>\n","protected":false},"author":1,"featured_media":7486,"comment_status":"closed","ping_status":"closed","sticky":false,"template":"","format":"standard","meta":{"footnotes":""},"categories":[5],"tags":[],"class_list":["post-7485","post","type-post","status-publish","format-standard","has-post-thumbnail","hentry","category-salud"],"_links":{"self":[{"href":"https:\/\/sertv.gob.pa\/nacionalfm\/wp-json\/wp\/v2\/posts\/7485","targetHints":{"allow":["GET"]}}],"collection":[{"href":"https:\/\/sertv.gob.pa\/nacionalfm\/wp-json\/wp\/v2\/posts"}],"about":[{"href":"https:\/\/sertv.gob.pa\/nacionalfm\/wp-json\/wp\/v2\/types\/post"}],"author":[{"embeddable":true,"href":"https:\/\/sertv.gob.pa\/nacionalfm\/wp-json\/wp\/v2\/users\/1"}],"replies":[{"embeddable":true,"href":"https:\/\/sertv.gob.pa\/nacionalfm\/wp-json\/wp\/v2\/comments?post=7485"}],"version-history":[{"count":0,"href":"https:\/\/sertv.gob.pa\/nacionalfm\/wp-json\/wp\/v2\/posts\/7485\/revisions"}],"wp:featuredmedia":[{"embeddable":true,"href":"https:\/\/sertv.gob.pa\/nacionalfm\/wp-json\/wp\/v2\/media\/7486"}],"wp:attachment":[{"href":"https:\/\/sertv.gob.pa\/nacionalfm\/wp-json\/wp\/v2\/media?parent=7485"}],"wp:term":[{"taxonomy":"category","embeddable":true,"href":"https:\/\/sertv.gob.pa\/nacionalfm\/wp-json\/wp\/v2\/categories?post=7485"},{"taxonomy":"post_tag","embeddable":true,"href":"https:\/\/sertv.gob.pa\/nacionalfm\/wp-json\/wp\/v2\/tags?post=7485"}],"curies":[{"name":"wp","href":"https:\/\/api.w.org\/{rel}","templated":true}]}}