{"id":7487,"date":"2015-09-15T18:37:14","date_gmt":"2015-09-15T18:37:14","guid":{"rendered":""},"modified":"2015-09-15T18:37:14","modified_gmt":"2015-09-15T18:37:14","slug":"riesgo-de-autismo-podria-disminuirse-por-la-leche-materna","status":"publish","type":"post","link":"https:\/\/sertv.gob.pa\/nacionalfm\/riesgo-de-autismo-podria-disminuirse-por-la-leche-materna\/","title":{"rendered":"Riesgo de autismo podr\u00eda disminuirse por la leche materna"},"content":{"rendered":"<p>\nSeg\u00fan un estudio que publica la revista cient\u00edfica  Proceedings of the National Academy of Sciences  (Pnas), la leche materna podr\u00eda reducir el peligro de  autismo  en los ni\u00f1os que son propensos gen\u00e9ticamente. <\/p>\n<p>La investigaci\u00f3n, que aborda la relaci\u00f3n entre la lactancia, los genes y la capacidad para percibir emociones, fue liderada por la cient\u00edfica Kathleen Krol, del Instituto para las Ciencias Humanas Cognitivas y del Cerebro de Leipzig (Alemania). <\/p>\n<p>Krol y su equipo estudiaron a 98 beb\u00e9s de siete meses para determinar c\u00f3mo la variaci\u00f3n gen\u00e9tica y la lactancia afectan a la atenci\u00f3n que prestan los peque\u00f1os a los ojos de otra persona en funci\u00f3n de la emoci\u00f3n que le trasmite. <\/p>\n<p>Reconocer las emociones en los otros es una habilidad social clave que depende, en gran medida, de la informaci\u00f3n de la zona que rodea los ojos en el individuo observado. <\/p>\n<p>Una atenci\u00f3n reducida a los ojos del otro se vincula normalmente con discapacidades sociales como el  autismo . <\/p>\n<p>El estudio revel\u00f3 que los ni\u00f1os que fueron amamantados durante m\u00e1s tiempo mostraban una mayor preferencia por mirar a ojos felices y una menor por mirar ojos con expresi\u00f3n triste. <\/p>\n<p>Luego de analizar esta informaci\u00f3n junto con el genotipo, los investigadores determinaron que el efecto de la lactancia en la preferencia visual solo era significativo en los ni\u00f1os que ten\u00edan un genotipo de riesgo. <\/p>\n<p>Por tanto, el estudio concluye que la lactancia est\u00e1 relacionada con una mayor sensibilidad a las emociones de los ni\u00f1os y podr\u00eda disminuir el riesgo de  autismo  en los propensos por gen\u00e9tica. <\/p>\n<p>\u00a0 <\/p>\n<p>\u00a0 <\/p>\n","protected":false},"excerpt":{"rendered":"<p>Seg\u00fan un estudio que publica la revista cient\u00edfica Proceedings of <a href=\"https:\/\/sertv.gob.pa\/nacionalfm\/riesgo-de-autismo-podria-disminuirse-por-la-leche-materna\/\"> [&#8230;]<\/a><\/p>\n","protected":false},"author":1,"featured_media":7488,"comment_status":"closed","ping_status":"closed","sticky":false,"template":"","format":"standard","meta":{"footnotes":""},"categories":[5],"tags":[],"class_list":["post-7487","post","type-post","status-publish","format-standard","has-post-thumbnail","hentry","category-salud"],"_links":{"self":[{"href":"https:\/\/sertv.gob.pa\/nacionalfm\/wp-json\/wp\/v2\/posts\/7487","targetHints":{"allow":["GET"]}}],"collection":[{"href":"https:\/\/sertv.gob.pa\/nacionalfm\/wp-json\/wp\/v2\/posts"}],"about":[{"href":"https:\/\/sertv.gob.pa\/nacionalfm\/wp-json\/wp\/v2\/types\/post"}],"author":[{"embeddable":true,"href":"https:\/\/sertv.gob.pa\/nacionalfm\/wp-json\/wp\/v2\/users\/1"}],"replies":[{"embeddable":true,"href":"https:\/\/sertv.gob.pa\/nacionalfm\/wp-json\/wp\/v2\/comments?post=7487"}],"version-history":[{"count":0,"href":"https:\/\/sertv.gob.pa\/nacionalfm\/wp-json\/wp\/v2\/posts\/7487\/revisions"}],"wp:featuredmedia":[{"embeddable":true,"href":"https:\/\/sertv.gob.pa\/nacionalfm\/wp-json\/wp\/v2\/media\/7488"}],"wp:attachment":[{"href":"https:\/\/sertv.gob.pa\/nacionalfm\/wp-json\/wp\/v2\/media?parent=7487"}],"wp:term":[{"taxonomy":"category","embeddable":true,"href":"https:\/\/sertv.gob.pa\/nacionalfm\/wp-json\/wp\/v2\/categories?post=7487"},{"taxonomy":"post_tag","embeddable":true,"href":"https:\/\/sertv.gob.pa\/nacionalfm\/wp-json\/wp\/v2\/tags?post=7487"}],"curies":[{"name":"wp","href":"https:\/\/api.w.org\/{rel}","templated":true}]}}