{"id":75045,"date":"2021-10-21T18:04:43","date_gmt":"2021-10-21T18:04:43","guid":{"rendered":"https:\/\/sertv.gob.pa\/nacionalfm\/?p=75045"},"modified":"2021-10-21T18:04:43","modified_gmt":"2021-10-21T18:04:43","slug":"la-eurocamara-llama-a-acelerar-el-esfuerzo-global-contra-el-cambio-climatico-en-la-cop26","status":"publish","type":"post","link":"https:\/\/sertv.gob.pa\/nacionalfm\/la-eurocamara-llama-a-acelerar-el-esfuerzo-global-contra-el-cambio-climatico-en-la-cop26\/","title":{"rendered":"La Euroc\u00e1mara llama a acelerar el esfuerzo global contra el cambio clim\u00e1tico en la COP26"},"content":{"rendered":"<p><strong><em>BRUSELAS, (EUROPA PRESS) \u2013<\/em><\/strong><\/p>\n<p><strong><em>\u00a0<\/em><\/strong><\/p>\n<p>El pleno del Parlamento Europeo ha hecho este jueves una llamada para acelerar el esfuerzo global en la lucha contra el cambio clim\u00e1tico, en la que la UE debe estar a la cabeza, de cara a la pr\u00f3xima Conferencia de Naciones Unidas sobre el Clima en Glasgow (COP26).<\/p>\n<p>Con 527 votos a favor, 134 en contra y 35 abstenciones, los eurodiputados han se\u00f1alado que los pa\u00edses del G20 \u00abdeben colocarse a la cabeza\u00bb y asumir el compromiso de alcanzar en 2050 la neutralidad clim\u00e1tica (reducir al m\u00e1ximo las emisiones de CO2 y compensar las restantes, por ejemplo, con la acci\u00f3n de los bosques).<\/p>\n<p>La Euroc\u00e1mara expresa en el texto su preocupaci\u00f3n por el hecho de que los objetivos nacionales acordados en Par\u00eds en 2015 conducen a un calentamiento global \u00abmuy por encima\u00bb de los tres grados cent\u00edgrados en 2100.<\/p>\n<p>As\u00ed, con el objetivo de acelerar la lucha contra el cambio clim\u00e1tico a nivel dom\u00e9stico, el Parlamento Europeo ha se\u00f1alado que la UE deber\u00eda cambiar sus planes a diez a\u00f1os por revisiones a cada cinco. En ese plazo, a\u00f1aden los eurodiputados, el bloque deber\u00eda haber eliminado todos los subsidios directos e indirectos a combustibles f\u00f3siles de forma gradual.<\/p>\n<p>En un informe paralelo, tambi\u00e9n aprobado este jueves con 563 votos a favor, 122 en contra y 11 abstenciones, los eurodiputados han reclamado que se establezcan metas vinculantes para la reducci\u00f3n de emisiones de metano a nivel europeo.<\/p>\n<p>En este sentido, han pedido a la Comisi\u00f3n Europea que proponga \u00abmedidas obligatorias\u00bb para lograr esta disminuci\u00f3n para todos los sectores con el objetivo de recortar \u00absignificativamente\u00bb las emisiones de metano para 2030. Tambi\u00e9n piden un acuerdo global sobre este asunto en 2026.<\/p>\n<p>Las emisiones de metano causadas por los seres humanos, subraya este segundo texto de la Euroc\u00e1mara, es una de las estrategias m\u00e1s efectivas desde el punto de vista econ\u00f3mico para frenar el cambio clim\u00e1tico y adem\u00e1s mejorar\u00eda la calidad del aire y la salud de los ciudadanos.<\/p>\n<p>Por otro lado, el Parlamento Europeo propone tambi\u00e9n que se introduzcan nuevas medidas para atajar las emisiones de metano en el sector de la agricultura, pero que tambi\u00e9n garanticen que la producci\u00f3n de alimentos no se traslade fuera de la UE.<\/p>\n<p>&nbsp;<\/p>\n<p>Fuente: EUROPA PRESS<\/p>\n","protected":false},"excerpt":{"rendered":"<p>BRUSELAS, (EUROPA PRESS) \u2013 \u00a0 El pleno del Parlamento Europeo <a href=\"https:\/\/sertv.gob.pa\/nacionalfm\/la-eurocamara-llama-a-acelerar-el-esfuerzo-global-contra-el-cambio-climatico-en-la-cop26\/\"> [&#8230;]<\/a><\/p>\n","protected":false},"author":9,"featured_media":75046,"comment_status":"closed","ping_status":"closed","sticky":false,"template":"","format":"standard","meta":{"footnotes":""},"categories":[3],"tags":[],"class_list":["post-75045","post","type-post","status-publish","format-standard","has-post-thumbnail","hentry","category-internacionales"],"_links":{"self":[{"href":"https:\/\/sertv.gob.pa\/nacionalfm\/wp-json\/wp\/v2\/posts\/75045","targetHints":{"allow":["GET"]}}],"collection":[{"href":"https:\/\/sertv.gob.pa\/nacionalfm\/wp-json\/wp\/v2\/posts"}],"about":[{"href":"https:\/\/sertv.gob.pa\/nacionalfm\/wp-json\/wp\/v2\/types\/post"}],"author":[{"embeddable":true,"href":"https:\/\/sertv.gob.pa\/nacionalfm\/wp-json\/wp\/v2\/users\/9"}],"replies":[{"embeddable":true,"href":"https:\/\/sertv.gob.pa\/nacionalfm\/wp-json\/wp\/v2\/comments?post=75045"}],"version-history":[{"count":1,"href":"https:\/\/sertv.gob.pa\/nacionalfm\/wp-json\/wp\/v2\/posts\/75045\/revisions"}],"predecessor-version":[{"id":75047,"href":"https:\/\/sertv.gob.pa\/nacionalfm\/wp-json\/wp\/v2\/posts\/75045\/revisions\/75047"}],"wp:featuredmedia":[{"embeddable":true,"href":"https:\/\/sertv.gob.pa\/nacionalfm\/wp-json\/wp\/v2\/media\/75046"}],"wp:attachment":[{"href":"https:\/\/sertv.gob.pa\/nacionalfm\/wp-json\/wp\/v2\/media?parent=75045"}],"wp:term":[{"taxonomy":"category","embeddable":true,"href":"https:\/\/sertv.gob.pa\/nacionalfm\/wp-json\/wp\/v2\/categories?post=75045"},{"taxonomy":"post_tag","embeddable":true,"href":"https:\/\/sertv.gob.pa\/nacionalfm\/wp-json\/wp\/v2\/tags?post=75045"}],"curies":[{"name":"wp","href":"https:\/\/api.w.org\/{rel}","templated":true}]}}