{"id":7511,"date":"2015-09-16T18:38:13","date_gmt":"2015-09-16T18:38:13","guid":{"rendered":""},"modified":"2015-09-16T18:38:13","modified_gmt":"2015-09-16T18:38:13","slug":"aumentan-casos-de-vih-en-colon","status":"publish","type":"post","link":"https:\/\/sertv.gob.pa\/nacionalfm\/aumentan-casos-de-vih-en-colon\/","title":{"rendered":"Aumentan casos de VIH en Col\u00f3n"},"content":{"rendered":"<p>\nEn lo que va del a\u00f1o 2015, la provincia de Col\u00f3n ha contabilizado 102 casos nuevos de VIH-Sida, estad\u00edsticas que han sonado alarmas en el Ministerio de Salud porque el 2014 cerr\u00f3 con 104. <\/p>\n<p>&lsquo;En tan solo ocho meses vamos por esa cantidad, lo que nos preocupa; al cierre de 2015, \u00bfcon cu\u00e1nto terminaremos?&#8217;, manifest\u00f3 V\u00edctor Pe\u00f1afiel, director de la Cl\u00ednica de VIH, quien detall\u00f3 que la mayor\u00eda de los casos son varones j\u00f3venes, de incluso 15 a 19 a\u00f1os. <\/p>\n<p>En Col\u00f3n, 55% de los diagnosticados de 2015 tiene menos 40 a\u00f1os. <\/p>\n<p>Seg\u00fan lo detallado por el doctor Pe\u00f1afiel, en el pa\u00eds, Col\u00f3n ocupa el primer lugar en niveles de infectaci\u00f3n de VIH-Sida, seguido de Panam\u00e1 Metro y San Miguelito. Los corregimientos con mayor \u00edndice son Crist\u00f3bal, Barrio Norte, Barrio Sur, Cativ\u00e1 y Sabanitas. <\/p>\n<p>Estad\u00edsticas del Ministerio de Salud (MINSA) detallan que en el pa\u00eds existe un total de 13 mil 767 personas vivas contagiadas con VIH, mientras que las muertes a causa del sida van por 9 mil 597 personas. <\/p>\n<p>Los adolescentes est\u00e1n llevando una vida sexual activa descontrolada, y se ve en los \u00edndices de j\u00f3venes contagiados con sida, precis\u00f3 la Primera Dama. <\/p>\n<p>&lsquo;Hay que llevar charlas de prevenci\u00f3n a los centros educativos; como pa\u00eds, debe ser un compromiso erradicar el virus&#8217;, indic\u00f3. <\/p>\n<p>\u00a0 <\/p>\n<p>\u00a0 <\/p>\n","protected":false},"excerpt":{"rendered":"<p>En lo que va del a\u00f1o 2015, la provincia de <a href=\"https:\/\/sertv.gob.pa\/nacionalfm\/aumentan-casos-de-vih-en-colon\/\"> [&#8230;]<\/a><\/p>\n","protected":false},"author":1,"featured_media":7512,"comment_status":"closed","ping_status":"closed","sticky":false,"template":"","format":"standard","meta":{"footnotes":""},"categories":[5],"tags":[],"class_list":["post-7511","post","type-post","status-publish","format-standard","has-post-thumbnail","hentry","category-salud"],"_links":{"self":[{"href":"https:\/\/sertv.gob.pa\/nacionalfm\/wp-json\/wp\/v2\/posts\/7511","targetHints":{"allow":["GET"]}}],"collection":[{"href":"https:\/\/sertv.gob.pa\/nacionalfm\/wp-json\/wp\/v2\/posts"}],"about":[{"href":"https:\/\/sertv.gob.pa\/nacionalfm\/wp-json\/wp\/v2\/types\/post"}],"author":[{"embeddable":true,"href":"https:\/\/sertv.gob.pa\/nacionalfm\/wp-json\/wp\/v2\/users\/1"}],"replies":[{"embeddable":true,"href":"https:\/\/sertv.gob.pa\/nacionalfm\/wp-json\/wp\/v2\/comments?post=7511"}],"version-history":[{"count":0,"href":"https:\/\/sertv.gob.pa\/nacionalfm\/wp-json\/wp\/v2\/posts\/7511\/revisions"}],"wp:featuredmedia":[{"embeddable":true,"href":"https:\/\/sertv.gob.pa\/nacionalfm\/wp-json\/wp\/v2\/media\/7512"}],"wp:attachment":[{"href":"https:\/\/sertv.gob.pa\/nacionalfm\/wp-json\/wp\/v2\/media?parent=7511"}],"wp:term":[{"taxonomy":"category","embeddable":true,"href":"https:\/\/sertv.gob.pa\/nacionalfm\/wp-json\/wp\/v2\/categories?post=7511"},{"taxonomy":"post_tag","embeddable":true,"href":"https:\/\/sertv.gob.pa\/nacionalfm\/wp-json\/wp\/v2\/tags?post=7511"}],"curies":[{"name":"wp","href":"https:\/\/api.w.org\/{rel}","templated":true}]}}