{"id":7513,"date":"2015-09-16T19:36:35","date_gmt":"2015-09-16T19:36:35","guid":{"rendered":""},"modified":"2015-09-16T19:36:35","modified_gmt":"2015-09-16T19:36:35","slug":"en-espana-record-de-donantes-de-medula-osea","status":"publish","type":"post","link":"https:\/\/sertv.gob.pa\/nacionalfm\/en-espana-record-de-donantes-de-medula-osea\/","title":{"rendered":"En Espa\u00f1a, r\u00e9cord de donantes de m\u00e9dula \u00f3sea"},"content":{"rendered":"<p>\nEl Plan Nacional de M\u00e9dula se puso en marcha hace tres a\u00f1os con el prop\u00f3sito de duplicar el n\u00famero de donantes en cuatro a\u00f1os. Ahora, tres a\u00f1os despu\u00e9s, los datos muestran que el objetivo se cumplir\u00e1 un a\u00f1o antes de su fin porque en julio de este a\u00f1o ya hab\u00eda 190.000 voluntarios para donar su m\u00e9dula en nuestro pa\u00eds. <\/p>\n<p>La Organizaci\u00f3n Nacional de Trasplantes (ONT), en colaboraci\u00f3n con las Comunidades Aut\u00f3nomas, puso en marcha el Plan Nacional de M\u00e9dula \u00d3sea en enero de 2013. Por aquel momento, en Espa\u00f1a hab\u00eda 100.000 personas registradas como donantes de m\u00e9dula, un n\u00famero insuficiente para cubrir la demanda. Por este motivo, se marc\u00f3 el objetivo de duplicar esa cifra para finales de 2016, con un compromiso de crecimiento de 25.000 nuevos donantes anuales, a una media aproximada de 2.000 donantes al mes. <\/p>\n<p>\u00a0 <\/p>\n","protected":false},"excerpt":{"rendered":"<p>El Plan Nacional de M\u00e9dula se puso en marcha hace <a href=\"https:\/\/sertv.gob.pa\/nacionalfm\/en-espana-record-de-donantes-de-medula-osea\/\"> [&#8230;]<\/a><\/p>\n","protected":false},"author":1,"featured_media":7514,"comment_status":"closed","ping_status":"closed","sticky":false,"template":"","format":"standard","meta":{"footnotes":""},"categories":[5],"tags":[],"class_list":["post-7513","post","type-post","status-publish","format-standard","has-post-thumbnail","hentry","category-salud"],"_links":{"self":[{"href":"https:\/\/sertv.gob.pa\/nacionalfm\/wp-json\/wp\/v2\/posts\/7513","targetHints":{"allow":["GET"]}}],"collection":[{"href":"https:\/\/sertv.gob.pa\/nacionalfm\/wp-json\/wp\/v2\/posts"}],"about":[{"href":"https:\/\/sertv.gob.pa\/nacionalfm\/wp-json\/wp\/v2\/types\/post"}],"author":[{"embeddable":true,"href":"https:\/\/sertv.gob.pa\/nacionalfm\/wp-json\/wp\/v2\/users\/1"}],"replies":[{"embeddable":true,"href":"https:\/\/sertv.gob.pa\/nacionalfm\/wp-json\/wp\/v2\/comments?post=7513"}],"version-history":[{"count":0,"href":"https:\/\/sertv.gob.pa\/nacionalfm\/wp-json\/wp\/v2\/posts\/7513\/revisions"}],"wp:featuredmedia":[{"embeddable":true,"href":"https:\/\/sertv.gob.pa\/nacionalfm\/wp-json\/wp\/v2\/media\/7514"}],"wp:attachment":[{"href":"https:\/\/sertv.gob.pa\/nacionalfm\/wp-json\/wp\/v2\/media?parent=7513"}],"wp:term":[{"taxonomy":"category","embeddable":true,"href":"https:\/\/sertv.gob.pa\/nacionalfm\/wp-json\/wp\/v2\/categories?post=7513"},{"taxonomy":"post_tag","embeddable":true,"href":"https:\/\/sertv.gob.pa\/nacionalfm\/wp-json\/wp\/v2\/tags?post=7513"}],"curies":[{"name":"wp","href":"https:\/\/api.w.org\/{rel}","templated":true}]}}