{"id":75143,"date":"2021-10-25T18:52:32","date_gmt":"2021-10-25T18:52:32","guid":{"rendered":"https:\/\/sertv.gob.pa\/nacionalfm\/?p=75143"},"modified":"2021-10-25T18:52:32","modified_gmt":"2021-10-25T18:52:32","slug":"rick-irrumpe-en-mexico-como-un-huracan-de-categoria-2","status":"publish","type":"post","link":"https:\/\/sertv.gob.pa\/nacionalfm\/rick-irrumpe-en-mexico-como-un-huracan-de-categoria-2\/","title":{"rendered":"&#8216;Rick&#8217; irrumpe en M\u00e9xico como un hurac\u00e1n de categor\u00eda 2"},"content":{"rendered":"<p><strong><em>MADRID, (EUROPA PRESS) &#8211;<\/em><\/strong><\/p>\n<p>&nbsp;<\/p>\n<p>El cicl\u00f3n &#8216;Rick&#8217; ha tocado tierra este lunes de madrugada en el suroeste de M\u00e9xico, como un hurac\u00e1n de categor\u00eda 2 que amenaza con provocar graves destrozos, ya que avanza con rachas de viento que pueden llegar a superar los 200 kil\u00f3metros por hora, seg\u00fan el servicio local de meteorolog\u00eda.<\/p>\n<p>El Centro Nacional de Huracanes de Estados Unidos prev\u00e9 fuertes vientos y lluvias &#8211;con riesgo incluso para la vida&#8211; en la zona sur de M\u00e9xico, una preocupaci\u00f3n que comparte el Servicio Meteorol\u00f3gico Nacional (SMN) de la Comisi\u00f3n Nacional del Agua (Conagua) de M\u00e9xico.<\/p>\n<p>&#8216;Rick&#8217; toc\u00f3 tierra a las 5.00 (hora local) en las inmediaciones de La Uni\u00f3n de Isidoro Montes de Oca, en el estado de Guerrero. Su ojo se situaba este lunes a primera hora cerca de L\u00e1zaro C\u00e1rdenas, en Michoac\u00e1n, con vientos m\u00e1ximos sostenidos de 165 kil\u00f3metros por hora.<\/p>\n<p>El cicl\u00f3n preocupa especialmente en Guerrero y Michoac\u00e1n, pero tambi\u00e9n puede provocar fuertes lluvias en Colima, Jalisco y Guanajuato. Las autoridades mexicanas han instado a la poblaci\u00f3n a extremar la precauci\u00f3n tanto en tierra como en la costa, donde tambi\u00e9n se prev\u00e9 un mayor oleaje como consecuencia del temporal.<\/p>\n<p>&nbsp;<\/p>\n<p>Fuente: EUROPA PRESS<\/p>\n<p>&nbsp;<\/p>\n<p>&nbsp;<\/p>\n","protected":false},"excerpt":{"rendered":"<p>MADRID, (EUROPA PRESS) &#8211; &nbsp; El cicl\u00f3n &#8216;Rick&#8217; ha tocado <a href=\"https:\/\/sertv.gob.pa\/nacionalfm\/rick-irrumpe-en-mexico-como-un-huracan-de-categoria-2\/\"> [&#8230;]<\/a><\/p>\n","protected":false},"author":9,"featured_media":75144,"comment_status":"closed","ping_status":"closed","sticky":false,"template":"","format":"standard","meta":{"footnotes":""},"categories":[3],"tags":[],"class_list":["post-75143","post","type-post","status-publish","format-standard","has-post-thumbnail","hentry","category-internacionales"],"_links":{"self":[{"href":"https:\/\/sertv.gob.pa\/nacionalfm\/wp-json\/wp\/v2\/posts\/75143","targetHints":{"allow":["GET"]}}],"collection":[{"href":"https:\/\/sertv.gob.pa\/nacionalfm\/wp-json\/wp\/v2\/posts"}],"about":[{"href":"https:\/\/sertv.gob.pa\/nacionalfm\/wp-json\/wp\/v2\/types\/post"}],"author":[{"embeddable":true,"href":"https:\/\/sertv.gob.pa\/nacionalfm\/wp-json\/wp\/v2\/users\/9"}],"replies":[{"embeddable":true,"href":"https:\/\/sertv.gob.pa\/nacionalfm\/wp-json\/wp\/v2\/comments?post=75143"}],"version-history":[{"count":1,"href":"https:\/\/sertv.gob.pa\/nacionalfm\/wp-json\/wp\/v2\/posts\/75143\/revisions"}],"predecessor-version":[{"id":75146,"href":"https:\/\/sertv.gob.pa\/nacionalfm\/wp-json\/wp\/v2\/posts\/75143\/revisions\/75146"}],"wp:featuredmedia":[{"embeddable":true,"href":"https:\/\/sertv.gob.pa\/nacionalfm\/wp-json\/wp\/v2\/media\/75144"}],"wp:attachment":[{"href":"https:\/\/sertv.gob.pa\/nacionalfm\/wp-json\/wp\/v2\/media?parent=75143"}],"wp:term":[{"taxonomy":"category","embeddable":true,"href":"https:\/\/sertv.gob.pa\/nacionalfm\/wp-json\/wp\/v2\/categories?post=75143"},{"taxonomy":"post_tag","embeddable":true,"href":"https:\/\/sertv.gob.pa\/nacionalfm\/wp-json\/wp\/v2\/tags?post=75143"}],"curies":[{"name":"wp","href":"https:\/\/api.w.org\/{rel}","templated":true}]}}