{"id":7533,"date":"2015-09-17T18:49:45","date_gmt":"2015-09-17T18:49:45","guid":{"rendered":""},"modified":"2015-09-17T18:49:45","modified_gmt":"2015-09-17T18:49:45","slug":"mortalidad-prematura-podria-aumentar-por-contaminacion","status":"publish","type":"post","link":"https:\/\/sertv.gob.pa\/nacionalfm\/mortalidad-prematura-podria-aumentar-por-contaminacion\/","title":{"rendered":"Mortalidad prematura podr\u00eda aumentar por contaminaci\u00f3n"},"content":{"rendered":"<p>\nSeg\u00fan sugiere un estudio publicado en la revista Nature, la mortalidad prematura por la contaminaci\u00f3n del aire podr\u00eda duplicarse en el a\u00f1o 2050 y ocasionar el deceso \u00a0de 6.6 millones de personas cada a\u00f1o. <\/p>\n<p>Jos Lelieveld, investigador del Instituto Max Planck de Qu\u00edmica (Alemania), y su equipo han estimado la contribuci\u00f3n de las diferentes fuentes de contaminaci\u00f3n del aire a la mortalidad prematura, combinando un modelo global de qu\u00edmica atmosf\u00e9rica con datos de poblaci\u00f3n y estad\u00edsticas de salud. <\/p>\n<p>Es bien conocido que los contaminantes del aire, como el ozono y part\u00edculas finas de menos de 0.0025 mil\u00edmetros, est\u00e1n asociados con enfermedades graves. Sin embargo, la cuantificaci\u00f3n de los efectos que produce la poluci\u00f3n a escala global sigue siendo un reto para los investigadores. <\/p>\n<p>La dificultad para medir esa incidencia se convierte en un problema, por un lado, porque la calidad del aire no se supervisa en algunas regiones y, por otro, debido a que la toxicidad de las part\u00edculas var\u00eda en funci\u00f3n de su origen. <\/p>\n<p>Los cient\u00edficos comprobaron que las emisiones generadas en zonas urbanas, como las que provienen de los sistemas de calefacci\u00f3n y las cocinas, son las que tienen un mayor impacto en la mortalidad prematura en todo el mundo. <\/p>\n<p>Los investigadores subrayan que la calidad del aire en Estados Unidos y Europa ha mejorado notablemente en las \u00faltimas d\u00e9cadas gracias a la legislaci\u00f3n para mejorar el medio ambiente, un avance que ha tenido un impacto positivo en la salud p\u00fablica. <\/p>\n<p>Con todo, el estudio alerta de que en Europa, algunas regiones de Estados Unidos, Rusia y el este de Asia, las emisiones producidas por la agricultura aportan la mayor parte de las part\u00edculas que contaminan el aire. <\/p>\n<p>\u00a0 <\/p>\n","protected":false},"excerpt":{"rendered":"<p>Seg\u00fan sugiere un estudio publicado en la revista Nature, la <a href=\"https:\/\/sertv.gob.pa\/nacionalfm\/mortalidad-prematura-podria-aumentar-por-contaminacion\/\"> [&#8230;]<\/a><\/p>\n","protected":false},"author":1,"featured_media":7534,"comment_status":"closed","ping_status":"closed","sticky":false,"template":"","format":"standard","meta":{"footnotes":""},"categories":[5],"tags":[],"class_list":["post-7533","post","type-post","status-publish","format-standard","has-post-thumbnail","hentry","category-salud"],"_links":{"self":[{"href":"https:\/\/sertv.gob.pa\/nacionalfm\/wp-json\/wp\/v2\/posts\/7533","targetHints":{"allow":["GET"]}}],"collection":[{"href":"https:\/\/sertv.gob.pa\/nacionalfm\/wp-json\/wp\/v2\/posts"}],"about":[{"href":"https:\/\/sertv.gob.pa\/nacionalfm\/wp-json\/wp\/v2\/types\/post"}],"author":[{"embeddable":true,"href":"https:\/\/sertv.gob.pa\/nacionalfm\/wp-json\/wp\/v2\/users\/1"}],"replies":[{"embeddable":true,"href":"https:\/\/sertv.gob.pa\/nacionalfm\/wp-json\/wp\/v2\/comments?post=7533"}],"version-history":[{"count":0,"href":"https:\/\/sertv.gob.pa\/nacionalfm\/wp-json\/wp\/v2\/posts\/7533\/revisions"}],"wp:featuredmedia":[{"embeddable":true,"href":"https:\/\/sertv.gob.pa\/nacionalfm\/wp-json\/wp\/v2\/media\/7534"}],"wp:attachment":[{"href":"https:\/\/sertv.gob.pa\/nacionalfm\/wp-json\/wp\/v2\/media?parent=7533"}],"wp:term":[{"taxonomy":"category","embeddable":true,"href":"https:\/\/sertv.gob.pa\/nacionalfm\/wp-json\/wp\/v2\/categories?post=7533"},{"taxonomy":"post_tag","embeddable":true,"href":"https:\/\/sertv.gob.pa\/nacionalfm\/wp-json\/wp\/v2\/tags?post=7533"}],"curies":[{"name":"wp","href":"https:\/\/api.w.org\/{rel}","templated":true}]}}