{"id":75388,"date":"2021-10-29T18:22:27","date_gmt":"2021-10-29T18:22:27","guid":{"rendered":"https:\/\/sertv.gob.pa\/nacionalfm\/?p=75388"},"modified":"2021-10-29T18:22:27","modified_gmt":"2021-10-29T18:22:27","slug":"el-segundo-ramal-del-gasoducto-nord-stream-2-estara-lleno-y-operativo-a-finales-de-2021","status":"publish","type":"post","link":"https:\/\/sertv.gob.pa\/nacionalfm\/el-segundo-ramal-del-gasoducto-nord-stream-2-estara-lleno-y-operativo-a-finales-de-2021\/","title":{"rendered":"El segundo ramal del gasoducto Nord Stream 2 estar\u00e1 lleno y operativo a finales de 2021"},"content":{"rendered":"<p><strong><em>MADRID, (EUROPA PRESS) \u2013<\/em><\/strong><\/p>\n<p>&nbsp;<\/p>\n<p>Alfred Shtern, director de la empresa austriaca OMV, ha informado este viernes de que el segundo ramal del gasoducto ruso Nord Stream 2 se llenar\u00e1 de gas de cara a finales del a\u00f1o.<\/p>\n<p>En una rueda de prensa, ha indicado que el primer ramal ya ha superado las pruebas pertinentes y est\u00e1 lleno de gas y preparado para su explotaci\u00f3n, seg\u00fan informaciones de la agencia de noticias Sputnik.<\/p>\n<p>No obstante, ha matizado que en estos momentos \u00abno puede especular\u00bb sobre la fecha del lanzamiento definitivo del gasoducto. \u00abTenemos un contrato a largo plazo con Gazprom, que ha cumplido con sus obligaciones contractuales de suministro\u00bb, ha se\u00f1alado Shtern.<\/p>\n<p>El gasoducto Nord Stream 2, que va desde la costa rusa, a trav\u00e9s del mar B\u00e1ltico, hasta Alemania, consta de dos tuber\u00edas con una capacidad total para transportar 55.000 millones de metros c\u00fabicos de gas al a\u00f1o. A mediados de octubre fue declarado operativo tras el llenado de gas del primero de sus ramales, tal y como anunci\u00f3 entonces la compa\u00f1\u00eda Nord Stream AG.<\/p>\n<p>Estados Unidos y Alemania alcanzaron en julio un acuerdo que permitir\u00e1 finalizar el proyecto del gasoducto, al que inicialmente se opuso la Administraci\u00f3n del presidente Joe Biden al considerar que se trataba de una iniciativa que Rusia podr\u00eda usar para ganar influencia.<\/p>\n<p>&nbsp;<\/p>\n<p>Fuente: EUROPA PRESS<\/p>\n<p>&nbsp;<\/p>\n","protected":false},"excerpt":{"rendered":"<p>MADRID, (EUROPA PRESS) \u2013 &nbsp; Alfred Shtern, director de la <a href=\"https:\/\/sertv.gob.pa\/nacionalfm\/el-segundo-ramal-del-gasoducto-nord-stream-2-estara-lleno-y-operativo-a-finales-de-2021\/\"> [&#8230;]<\/a><\/p>\n","protected":false},"author":9,"featured_media":75389,"comment_status":"closed","ping_status":"closed","sticky":false,"template":"","format":"standard","meta":{"footnotes":""},"categories":[3],"tags":[],"class_list":["post-75388","post","type-post","status-publish","format-standard","has-post-thumbnail","hentry","category-internacionales"],"_links":{"self":[{"href":"https:\/\/sertv.gob.pa\/nacionalfm\/wp-json\/wp\/v2\/posts\/75388","targetHints":{"allow":["GET"]}}],"collection":[{"href":"https:\/\/sertv.gob.pa\/nacionalfm\/wp-json\/wp\/v2\/posts"}],"about":[{"href":"https:\/\/sertv.gob.pa\/nacionalfm\/wp-json\/wp\/v2\/types\/post"}],"author":[{"embeddable":true,"href":"https:\/\/sertv.gob.pa\/nacionalfm\/wp-json\/wp\/v2\/users\/9"}],"replies":[{"embeddable":true,"href":"https:\/\/sertv.gob.pa\/nacionalfm\/wp-json\/wp\/v2\/comments?post=75388"}],"version-history":[{"count":1,"href":"https:\/\/sertv.gob.pa\/nacionalfm\/wp-json\/wp\/v2\/posts\/75388\/revisions"}],"predecessor-version":[{"id":75390,"href":"https:\/\/sertv.gob.pa\/nacionalfm\/wp-json\/wp\/v2\/posts\/75388\/revisions\/75390"}],"wp:featuredmedia":[{"embeddable":true,"href":"https:\/\/sertv.gob.pa\/nacionalfm\/wp-json\/wp\/v2\/media\/75389"}],"wp:attachment":[{"href":"https:\/\/sertv.gob.pa\/nacionalfm\/wp-json\/wp\/v2\/media?parent=75388"}],"wp:term":[{"taxonomy":"category","embeddable":true,"href":"https:\/\/sertv.gob.pa\/nacionalfm\/wp-json\/wp\/v2\/categories?post=75388"},{"taxonomy":"post_tag","embeddable":true,"href":"https:\/\/sertv.gob.pa\/nacionalfm\/wp-json\/wp\/v2\/tags?post=75388"}],"curies":[{"name":"wp","href":"https:\/\/api.w.org\/{rel}","templated":true}]}}