{"id":75437,"date":"2021-11-01T18:23:42","date_gmt":"2021-11-01T18:23:42","guid":{"rendered":"https:\/\/sertv.gob.pa\/nacionalfm\/?p=75437"},"modified":"2021-11-01T18:23:42","modified_gmt":"2021-11-01T18:23:42","slug":"biden-anuncia-3-000-millones-de-financiacion-climatica-para-afrontar-sequias-e-inundaciones-en-paises-pobres","status":"publish","type":"post","link":"https:\/\/sertv.gob.pa\/nacionalfm\/biden-anuncia-3-000-millones-de-financiacion-climatica-para-afrontar-sequias-e-inundaciones-en-paises-pobres\/","title":{"rendered":"Biden anuncia 3.000 millones de financiaci\u00f3n clim\u00e1tica para afrontar sequ\u00edas e inundaciones en pa\u00edses pobres"},"content":{"rendered":"<p><strong><em>MADRID, (EUROPA PRESS) &#8211;<\/em><\/strong><\/p>\n<p>&nbsp;<\/p>\n<p>El presidente de Estados Unidos, Joe Biden, ha asegurado que el mundo se enfrenta a una \u00abd\u00e9cada decisiva\u00bb porque el mundo tiene \u00abtiempo limitado\u00bb para actuar contra el cambio clim\u00e1tico y que su pa\u00eds \u00abest\u00e1 aqu\u00ed\u00bb a pesar del desacuerdo dentro de su pa\u00eds sobre su ambici\u00f3n para dirigir miles de millones de d\u00f3lares hacia las energ\u00edas renovables.<\/p>\n<p>\u00abLa ciencia es clara. Solo nos queda una breve ventana antes de aumentar nuestras ambiciones\u00bb, ha se\u00f1alado el mandatario estadounidense en su intervenci\u00f3n en el evento de l\u00edderes mundiales en la apertura de la XXVI Conferencia de las Partes de la Convenci\u00f3n Marco de Cambio Clim\u00e1tico de la ONU que se celebra en Glasgow (Reino Unido).<\/p>\n<p>As\u00ed, ha destacado que su pa\u00eds \u00abha vuelto a la mesa\u00bb de las negociaciones clim\u00e1ticas &#8211;despu\u00e9s de que su predecesor, Donald Trump, retirara al pa\u00eds norteamericano del Acuerdo del Clima de Par\u00eds&#8211;.<\/p>\n<p>De ese modo, ha anunciado su propuesta de destinar desde 2024 un total de 3.000 millones de d\u00f3lares anuales a la financiaci\u00f3n de pa\u00edses vulnerables para ayudarles a adaptarse al incremento del nivel del mar, a las sequ\u00edas, las inundaciones y otras consecuencias del calentamiento global.<\/p>\n<p>Esta financiaci\u00f3n podr\u00eda ser parte de los 11.400 millones de d\u00f3lares que Biden ya ha prometido para la financiaci\u00f3n clim\u00e1tica anual en 2024, pero que est\u00e1 pendiente de la aprobaci\u00f3n anual del Congreso. En todo caso, es la primera vez que pone un precio al esfuerzo de adaptaci\u00f3n, que es cr\u00edtico en particular para los Estados insulares y otros pa\u00edses vulnerables, seg\u00fan analiza Bloomberg.<\/p>\n<p>La semana pasada el mandatario estadounidense anunci\u00f3 la mayor inversi\u00f3n de la historia en su pa\u00eds para reducir las emisiones de gases de efecto invernadero en torno a una gigatoneladas en 2030, algo que a\u00fan sigue siendo una propuesta de borrador a nivel nacional despu\u00e9s de meses de negociaci\u00f3n.<\/p>\n<p>De hecho, el Senado de Estados Unidos fren\u00f3 la ratificaci\u00f3n del Protocolo de Kioto en 1997 (el primer acuerdo multilateral para reducir emisiones de CO2) y apoy\u00f3 la propuesta de Trump de retirar al pa\u00eds del Acuerdo de Par\u00eds.<\/p>\n<p>Sin embargo, ante la COP26 Biden ha asegurado que \u00abEstados Unidos demostrar\u00e1 al mundo que no solo ha vuelto a la mesa de negociaci\u00f3n, sino que ojal\u00e1 lidere con el ejemplo\u00bb.<\/p>\n<p>\u00abS\u00e9 que no ha sido el caso y por eso mi administraci\u00f3n est\u00e1 trabajando de manera extraordinaria para mostrar que nuestro compromiso con la acci\u00f3n clim\u00e1tica es acci\u00f3n, no palabras\u00bb, ha defendido Biden que ha reconocido que \u00abno hay m\u00e1s tiempo para quedarse atr\u00e1s o para sentarse entre los indecisos\u00bb o a discutir entre unos y otros.<\/p>\n<p>De ese modo, ha manifestado que los elevados precios de la energ\u00eda solo subrayan la necesidad de diversificar las fuentes de electricidad y de adoptar nuevas tecnolog\u00edas de energ\u00edas limpias.<\/p>\n<p>Por ello, ha prometido esfuerzos para impulsar la financiaci\u00f3n clim\u00e1tica para limitar la curva de emisiones de gases de efecto invernadero y ha adelantado que Estados Unidos realizar\u00e1 \u00abm\u00e1s anuncios\u00bb durante la COP26 en materia de bosques, agricultura y metano.<\/p>\n<p>\u00abDios salve el planeta\u00bb, ha concluido Biden en su intervenci\u00f3n en el encuentro de aLto nivel, en la que ha pedido \u00abperd\u00f3n\u00bb por el hecho de que Estados Unidos, durante la administraci\u00f3n de Trump, se sali\u00f3 del Acuerdo de Par\u00eds.<\/p>\n<p>&nbsp;<\/p>\n<p>Fuente: EUROPA PRESS<\/p>\n","protected":false},"excerpt":{"rendered":"<p>MADRID, (EUROPA PRESS) &#8211; &nbsp; El presidente de Estados Unidos, <a href=\"https:\/\/sertv.gob.pa\/nacionalfm\/biden-anuncia-3-000-millones-de-financiacion-climatica-para-afrontar-sequias-e-inundaciones-en-paises-pobres\/\"> [&#8230;]<\/a><\/p>\n","protected":false},"author":9,"featured_media":75438,"comment_status":"closed","ping_status":"closed","sticky":false,"template":"","format":"standard","meta":{"footnotes":""},"categories":[3],"tags":[],"class_list":["post-75437","post","type-post","status-publish","format-standard","has-post-thumbnail","hentry","category-internacionales"],"_links":{"self":[{"href":"https:\/\/sertv.gob.pa\/nacionalfm\/wp-json\/wp\/v2\/posts\/75437","targetHints":{"allow":["GET"]}}],"collection":[{"href":"https:\/\/sertv.gob.pa\/nacionalfm\/wp-json\/wp\/v2\/posts"}],"about":[{"href":"https:\/\/sertv.gob.pa\/nacionalfm\/wp-json\/wp\/v2\/types\/post"}],"author":[{"embeddable":true,"href":"https:\/\/sertv.gob.pa\/nacionalfm\/wp-json\/wp\/v2\/users\/9"}],"replies":[{"embeddable":true,"href":"https:\/\/sertv.gob.pa\/nacionalfm\/wp-json\/wp\/v2\/comments?post=75437"}],"version-history":[{"count":1,"href":"https:\/\/sertv.gob.pa\/nacionalfm\/wp-json\/wp\/v2\/posts\/75437\/revisions"}],"predecessor-version":[{"id":75439,"href":"https:\/\/sertv.gob.pa\/nacionalfm\/wp-json\/wp\/v2\/posts\/75437\/revisions\/75439"}],"wp:featuredmedia":[{"embeddable":true,"href":"https:\/\/sertv.gob.pa\/nacionalfm\/wp-json\/wp\/v2\/media\/75438"}],"wp:attachment":[{"href":"https:\/\/sertv.gob.pa\/nacionalfm\/wp-json\/wp\/v2\/media?parent=75437"}],"wp:term":[{"taxonomy":"category","embeddable":true,"href":"https:\/\/sertv.gob.pa\/nacionalfm\/wp-json\/wp\/v2\/categories?post=75437"},{"taxonomy":"post_tag","embeddable":true,"href":"https:\/\/sertv.gob.pa\/nacionalfm\/wp-json\/wp\/v2\/tags?post=75437"}],"curies":[{"name":"wp","href":"https:\/\/api.w.org\/{rel}","templated":true}]}}