{"id":75651,"date":"2021-11-09T17:48:57","date_gmt":"2021-11-09T17:48:57","guid":{"rendered":"https:\/\/sertv.gob.pa\/nacionalfm\/?p=75651"},"modified":"2021-11-09T17:48:57","modified_gmt":"2021-11-09T17:48:57","slug":"registrado-un-terremoto-de-magnitud-62-frente-a-las-costas-de-nicaragua","status":"publish","type":"post","link":"https:\/\/sertv.gob.pa\/nacionalfm\/registrado-un-terremoto-de-magnitud-62-frente-a-las-costas-de-nicaragua\/","title":{"rendered":"Registrado un terremoto de magnitud 6,2 frente a las costas de Nicaragua"},"content":{"rendered":"<p><strong><em>\u00a0<\/em><\/strong><\/p>\n<p><strong><em>MADRID, (EUROPA PRESS) \u2013<\/em><\/strong><\/p>\n<p><strong><em>\u00a0<\/em><\/strong><\/p>\n<p>Un terremoto de magnitud 6,2 en la escala abierta de Richter ha sacudido este martes la costa oeste de Nicaragua, sin que por el momento haya informaciones sobre v\u00edctimas o da\u00f1os materiales.<\/p>\n<p>El Instituto Nicarag\u00fcense de Estudios Territoriales (Ineter) ha indicado a trav\u00e9s de su p\u00e1gina web que el se\u00edsmo se ha visto seguido de una serie de r\u00e9plicas, entre ellas al menos dos de magnitud superior a seis en la escala de Richter.<\/p>\n<p>La vicepresidenta de Nicaragua, Rosario Murillo, ha reclamado a la poblaci\u00f3n tomar medidas de precauci\u00f3n tras los sismos y estar pendientes a los medios de comunicaci\u00f3n, tal y como ha recogido la emisora Radio Nicaragua.<\/p>\n<p>En este sentido, ha pedido adem\u00e1s a los nicarag\u00fcenses que sigan los informes de las autoridades, especialmente el Sistema Nacional para la Prevenci\u00f3n Mitigaci\u00f3n y Atenci\u00f3n de Desastres de Nicaragua (SINAPRED), sin pronunciarse sobre da\u00f1os o v\u00edctimas.<\/p>\n<p>&nbsp;<\/p>\n<p>Fuente: EUROPA PRESS<\/p>\n","protected":false},"excerpt":{"rendered":"<p>\u00a0 MADRID, (EUROPA PRESS) \u2013 \u00a0 Un terremoto de magnitud <a href=\"https:\/\/sertv.gob.pa\/nacionalfm\/registrado-un-terremoto-de-magnitud-62-frente-a-las-costas-de-nicaragua\/\"> [&#8230;]<\/a><\/p>\n","protected":false},"author":9,"featured_media":75652,"comment_status":"closed","ping_status":"closed","sticky":false,"template":"","format":"standard","meta":{"footnotes":""},"categories":[3],"tags":[],"class_list":["post-75651","post","type-post","status-publish","format-standard","has-post-thumbnail","hentry","category-internacionales"],"_links":{"self":[{"href":"https:\/\/sertv.gob.pa\/nacionalfm\/wp-json\/wp\/v2\/posts\/75651","targetHints":{"allow":["GET"]}}],"collection":[{"href":"https:\/\/sertv.gob.pa\/nacionalfm\/wp-json\/wp\/v2\/posts"}],"about":[{"href":"https:\/\/sertv.gob.pa\/nacionalfm\/wp-json\/wp\/v2\/types\/post"}],"author":[{"embeddable":true,"href":"https:\/\/sertv.gob.pa\/nacionalfm\/wp-json\/wp\/v2\/users\/9"}],"replies":[{"embeddable":true,"href":"https:\/\/sertv.gob.pa\/nacionalfm\/wp-json\/wp\/v2\/comments?post=75651"}],"version-history":[{"count":1,"href":"https:\/\/sertv.gob.pa\/nacionalfm\/wp-json\/wp\/v2\/posts\/75651\/revisions"}],"predecessor-version":[{"id":75653,"href":"https:\/\/sertv.gob.pa\/nacionalfm\/wp-json\/wp\/v2\/posts\/75651\/revisions\/75653"}],"wp:featuredmedia":[{"embeddable":true,"href":"https:\/\/sertv.gob.pa\/nacionalfm\/wp-json\/wp\/v2\/media\/75652"}],"wp:attachment":[{"href":"https:\/\/sertv.gob.pa\/nacionalfm\/wp-json\/wp\/v2\/media?parent=75651"}],"wp:term":[{"taxonomy":"category","embeddable":true,"href":"https:\/\/sertv.gob.pa\/nacionalfm\/wp-json\/wp\/v2\/categories?post=75651"},{"taxonomy":"post_tag","embeddable":true,"href":"https:\/\/sertv.gob.pa\/nacionalfm\/wp-json\/wp\/v2\/tags?post=75651"}],"curies":[{"name":"wp","href":"https:\/\/api.w.org\/{rel}","templated":true}]}}