{"id":75654,"date":"2021-11-09T18:09:35","date_gmt":"2021-11-09T18:09:35","guid":{"rendered":"https:\/\/sertv.gob.pa\/nacionalfm\/?p=75654"},"modified":"2021-11-09T18:09:35","modified_gmt":"2021-11-09T18:09:35","slug":"el-caf-destinara-mas-de-21-570-millones-en-cinco-anos-a-fomentar-el-crecimiento-verde-en-latinoamerica","status":"publish","type":"post","link":"https:\/\/sertv.gob.pa\/nacionalfm\/el-caf-destinara-mas-de-21-570-millones-en-cinco-anos-a-fomentar-el-crecimiento-verde-en-latinoamerica\/","title":{"rendered":"El CAF destinar\u00e1 m\u00e1s de 21.570 millones en cinco a\u00f1os a fomentar el crecimiento verde en Latinoam\u00e9rica"},"content":{"rendered":"<p><strong><em>MADRID, (EUROPA PRESS) \u2013<\/em><\/strong><\/p>\n<p><strong><em>\u00a0<\/em><\/strong><\/p>\n<p>El Banco de Desarrollo de Am\u00e9rica Latina (CAF) destinar\u00e1 25.000 millones de d\u00f3lares (21.573 millones de euros) para fomentar el crecimiento verde los pr\u00f3ximos cinco a\u00f1os en la regi\u00f3n.<\/p>\n<p>La instituci\u00f3n ha presentado este martes en la COP26 de Glasgow este compromiso destinado a financiar proyectos que incrementen la resiliencia clim\u00e1tica, promuevan la transici\u00f3n energ\u00e9tica y fortalezcan la conversaci\u00f3n de ecosistemas, seg\u00fan un comunicado.<\/p>\n<p>Asimismo, el CAF plantea tambi\u00e9n reforzar las fuentes de financiaci\u00f3n de terceros mediante la emisi\u00f3n de bonos y fondos verdes, as\u00ed como promover alianzas estrat\u00e9gicas que permitan potenciar el trabajo coordinado entre gobiernos, sociedad civil, organismos internacionales, ONGs y sector privado.<\/p>\n<p>El presidente ejecutivo de la instituci\u00f3n, Sergio D\u00edaz-Granados, ha se\u00f1alado que el planeta necesita el liderazgo de Am\u00e9rica Latina y la regi\u00f3n debe aprovechar su posici\u00f3n para lograr un crecimiento econ\u00f3mica sostenido que ayude a cerrar las brechas estructurales abiertas en la regi\u00f3n.<\/p>\n<p>Entre las primeras acciones de esta nueva estrategia se encuentra el aporte de un mill\u00f3n de d\u00f3lares (860.000 euros) para reforzar el acuerdo entre Colombia, Costa Rica, Ecuador y Panam\u00e1 para conservar el Corredor Marino del Pac\u00edfico Este Tropical<\/p>\n<p>As\u00ed, la firma construir\u00e1 una plataforma para movilizar fondos clim\u00e1ticos y ambientales de permitan movilizar al menos 1.500 millones de d\u00f3lares (casi 1.300 millones de euros) de financiaci\u00f3n concesional en la regi\u00f3n.<\/p>\n<p>En paralelo, crear\u00e1 un HBU para el Caribe en Trinidad y Tobago, que dar\u00e1 un \u00e9nfasis especial a temas medio ambientales y prevenci\u00f3n de desastres naturales.<\/p>\n<p>Entre otra de las l\u00edneas para convertirse en un banco verde, CAF apoyar\u00e1 la formaci\u00f3n de un mercado regional de carbono en la regi\u00f3n, que canalice recursos internacionales, en favor de la transformaci\u00f3n productiva, sostenible y resiliente de Am\u00e9rica Latina y el Caribe.<\/p>\n<p>&nbsp;<\/p>\n<p>Fuente: EUROPA PRESS<\/p>\n","protected":false},"excerpt":{"rendered":"<p>MADRID, (EUROPA PRESS) \u2013 \u00a0 El Banco de Desarrollo de <a href=\"https:\/\/sertv.gob.pa\/nacionalfm\/el-caf-destinara-mas-de-21-570-millones-en-cinco-anos-a-fomentar-el-crecimiento-verde-en-latinoamerica\/\"> [&#8230;]<\/a><\/p>\n","protected":false},"author":9,"featured_media":75655,"comment_status":"closed","ping_status":"closed","sticky":false,"template":"","format":"standard","meta":{"footnotes":""},"categories":[3],"tags":[],"class_list":["post-75654","post","type-post","status-publish","format-standard","has-post-thumbnail","hentry","category-internacionales"],"_links":{"self":[{"href":"https:\/\/sertv.gob.pa\/nacionalfm\/wp-json\/wp\/v2\/posts\/75654","targetHints":{"allow":["GET"]}}],"collection":[{"href":"https:\/\/sertv.gob.pa\/nacionalfm\/wp-json\/wp\/v2\/posts"}],"about":[{"href":"https:\/\/sertv.gob.pa\/nacionalfm\/wp-json\/wp\/v2\/types\/post"}],"author":[{"embeddable":true,"href":"https:\/\/sertv.gob.pa\/nacionalfm\/wp-json\/wp\/v2\/users\/9"}],"replies":[{"embeddable":true,"href":"https:\/\/sertv.gob.pa\/nacionalfm\/wp-json\/wp\/v2\/comments?post=75654"}],"version-history":[{"count":1,"href":"https:\/\/sertv.gob.pa\/nacionalfm\/wp-json\/wp\/v2\/posts\/75654\/revisions"}],"predecessor-version":[{"id":75657,"href":"https:\/\/sertv.gob.pa\/nacionalfm\/wp-json\/wp\/v2\/posts\/75654\/revisions\/75657"}],"wp:featuredmedia":[{"embeddable":true,"href":"https:\/\/sertv.gob.pa\/nacionalfm\/wp-json\/wp\/v2\/media\/75655"}],"wp:attachment":[{"href":"https:\/\/sertv.gob.pa\/nacionalfm\/wp-json\/wp\/v2\/media?parent=75654"}],"wp:term":[{"taxonomy":"category","embeddable":true,"href":"https:\/\/sertv.gob.pa\/nacionalfm\/wp-json\/wp\/v2\/categories?post=75654"},{"taxonomy":"post_tag","embeddable":true,"href":"https:\/\/sertv.gob.pa\/nacionalfm\/wp-json\/wp\/v2\/tags?post=75654"}],"curies":[{"name":"wp","href":"https:\/\/api.w.org\/{rel}","templated":true}]}}