{"id":7571,"date":"2015-09-18T18:46:28","date_gmt":"2015-09-18T18:46:28","guid":{"rendered":""},"modified":"2015-09-18T18:46:28","modified_gmt":"2015-09-18T18:46:28","slug":"la-terminal-de-chitre-se-ve-afectada-por-las-golondrinas","status":"publish","type":"post","link":"https:\/\/sertv.gob.pa\/nacionalfm\/la-terminal-de-chitre-se-ve-afectada-por-las-golondrinas\/","title":{"rendered":"La terminal de Chitr\u00e9 se ve afectada por las golondrinas"},"content":{"rendered":"<p>\nLas golondrinas se han apoderado de la terminal de transporte de la ciudad de Chitr\u00e9, cabecera de la provincia de Herrera, con sus consecuentes perjuicios para la salud de los usuarios, y el evidente da\u00f1o a veh\u00edculos y sus estructuras. \u00a0 <\/p>\n<p>Jos\u00e9 Alberto G\u00f3mez Chac\u00f3n, conductor de taxi de la Cooperativa Jes\u00fas Nazareno, que opera en esta terminal, indic\u00f3 que las golondrinas invaden este lugar en horas nocturnas, dejando gran cantidad de excretas por doquier. \u00a0 <\/p>\n<p>A\u00f1adi\u00f3 que el \u00e1rea de las casetas de tel\u00e9fonos p\u00fablicos y donde los usuarios esperan taxis y autobuses, est\u00e1 minada de sus excreciones. \u00a0 <\/p>\n<p>\u00abEsto nos est\u00e1 provocando problemas respiratorios, inclusive cuadros de asma\u00bb, se lament\u00f3. Lo preocupante es que las heces ya secas son arrastradas por los aires cada vez que sopla la brisa y van a infectar las panader\u00edas de la zona, agreg\u00f3. \u00a0 <\/p>\n<p>G\u00f3mez Chac\u00f3n pidi\u00f3 al Ministerio de Salud que intervenga, porque se est\u00e1 comprometiendo la salud p\u00fablica. \u00a0 <\/p>\n<p>A su vez, H\u00e9ctor Ruiz, un usuario de la estaci\u00f3n de transporte, asegur\u00f3 que sus estructuras est\u00e1n completamente contaminadas, a tal grado que el olor es insoportable. \u00a0 <\/p>\n<p>\u00a0 <\/p>\n<p>\u00a0 <\/p>\n","protected":false},"excerpt":{"rendered":"<p>Las golondrinas se han apoderado de la terminal de transporte <a href=\"https:\/\/sertv.gob.pa\/nacionalfm\/la-terminal-de-chitre-se-ve-afectada-por-las-golondrinas\/\"> [&#8230;]<\/a><\/p>\n","protected":false},"author":1,"featured_media":7572,"comment_status":"closed","ping_status":"closed","sticky":false,"template":"","format":"standard","meta":{"footnotes":""},"categories":[5],"tags":[],"class_list":["post-7571","post","type-post","status-publish","format-standard","has-post-thumbnail","hentry","category-salud"],"_links":{"self":[{"href":"https:\/\/sertv.gob.pa\/nacionalfm\/wp-json\/wp\/v2\/posts\/7571","targetHints":{"allow":["GET"]}}],"collection":[{"href":"https:\/\/sertv.gob.pa\/nacionalfm\/wp-json\/wp\/v2\/posts"}],"about":[{"href":"https:\/\/sertv.gob.pa\/nacionalfm\/wp-json\/wp\/v2\/types\/post"}],"author":[{"embeddable":true,"href":"https:\/\/sertv.gob.pa\/nacionalfm\/wp-json\/wp\/v2\/users\/1"}],"replies":[{"embeddable":true,"href":"https:\/\/sertv.gob.pa\/nacionalfm\/wp-json\/wp\/v2\/comments?post=7571"}],"version-history":[{"count":0,"href":"https:\/\/sertv.gob.pa\/nacionalfm\/wp-json\/wp\/v2\/posts\/7571\/revisions"}],"wp:featuredmedia":[{"embeddable":true,"href":"https:\/\/sertv.gob.pa\/nacionalfm\/wp-json\/wp\/v2\/media\/7572"}],"wp:attachment":[{"href":"https:\/\/sertv.gob.pa\/nacionalfm\/wp-json\/wp\/v2\/media?parent=7571"}],"wp:term":[{"taxonomy":"category","embeddable":true,"href":"https:\/\/sertv.gob.pa\/nacionalfm\/wp-json\/wp\/v2\/categories?post=7571"},{"taxonomy":"post_tag","embeddable":true,"href":"https:\/\/sertv.gob.pa\/nacionalfm\/wp-json\/wp\/v2\/tags?post=7571"}],"curies":[{"name":"wp","href":"https:\/\/api.w.org\/{rel}","templated":true}]}}