{"id":7573,"date":"2015-09-18T18:51:10","date_gmt":"2015-09-18T18:51:10","guid":{"rendered":""},"modified":"2015-09-18T18:51:10","modified_gmt":"2015-09-18T18:51:10","slug":"primera-caminata-pet-friendly-contra-cancer-de-mama","status":"publish","type":"post","link":"https:\/\/sertv.gob.pa\/nacionalfm\/primera-caminata-pet-friendly-contra-cancer-de-mama\/","title":{"rendered":"Primera caminata &#8216;pet friendly&#8217; contra C\u00e1ncer de Mama"},"content":{"rendered":"<p>\nEste  domingo , la  familia  y sus  mascotas  podr\u00e1n emprender pasos a favor de la prevenci\u00f3n y el tratamiento del c\u00e1ncer de mama. <\/p>\n<p>Se trata de la  primera Caminata Pet Friendly contra el C\u00e1ncer de Mama , que organiza  Novey  y  Corporaci\u00f3n La Prensa, S.A. (Corprensa)  a partir de las  6:45 a.m.  en los estacionamientos del almac\u00e9n Novey de  Albrook Mall . <\/p>\n<p>La iniciativa tiene como fin desarrollar un d\u00eda familiar con las mascotas y concienciar sobre el c\u00e1ncer de mama, y que a la vez sirva para recaudar fondos que ser\u00e1n donados al  Instituto Oncol\u00f3gico Nacional  (ION), afirma Alina Candanedo, especialista de mercadeo de Corprensa. <\/p>\n<p>El valor de la inscripci\u00f3n es de  10 d\u00f3lares , y se puede hacer en las tiendas Novey de Costa del Este, Centenial, calle 50, Brisas del Golf y Albrook Mall. Aquellos que son miembros del  Club de Suscriptores de La Prensa  obtienen un  descuento  de 20%. A los participantes se les entregar\u00e1 una  camiseta y pa\u00f1oleta.  <\/p>\n<p>\u00a0 <\/p>\n<p>\u00a0 <\/p>\n<p>\u00a0 <\/p>\n","protected":false},"excerpt":{"rendered":"<p>Este domingo , la familia y sus mascotas podr\u00e1n emprender <a href=\"https:\/\/sertv.gob.pa\/nacionalfm\/primera-caminata-pet-friendly-contra-cancer-de-mama\/\"> [&#8230;]<\/a><\/p>\n","protected":false},"author":1,"featured_media":7574,"comment_status":"closed","ping_status":"closed","sticky":false,"template":"","format":"standard","meta":{"footnotes":""},"categories":[5],"tags":[],"class_list":["post-7573","post","type-post","status-publish","format-standard","has-post-thumbnail","hentry","category-salud"],"_links":{"self":[{"href":"https:\/\/sertv.gob.pa\/nacionalfm\/wp-json\/wp\/v2\/posts\/7573","targetHints":{"allow":["GET"]}}],"collection":[{"href":"https:\/\/sertv.gob.pa\/nacionalfm\/wp-json\/wp\/v2\/posts"}],"about":[{"href":"https:\/\/sertv.gob.pa\/nacionalfm\/wp-json\/wp\/v2\/types\/post"}],"author":[{"embeddable":true,"href":"https:\/\/sertv.gob.pa\/nacionalfm\/wp-json\/wp\/v2\/users\/1"}],"replies":[{"embeddable":true,"href":"https:\/\/sertv.gob.pa\/nacionalfm\/wp-json\/wp\/v2\/comments?post=7573"}],"version-history":[{"count":0,"href":"https:\/\/sertv.gob.pa\/nacionalfm\/wp-json\/wp\/v2\/posts\/7573\/revisions"}],"wp:featuredmedia":[{"embeddable":true,"href":"https:\/\/sertv.gob.pa\/nacionalfm\/wp-json\/wp\/v2\/media\/7574"}],"wp:attachment":[{"href":"https:\/\/sertv.gob.pa\/nacionalfm\/wp-json\/wp\/v2\/media?parent=7573"}],"wp:term":[{"taxonomy":"category","embeddable":true,"href":"https:\/\/sertv.gob.pa\/nacionalfm\/wp-json\/wp\/v2\/categories?post=7573"},{"taxonomy":"post_tag","embeddable":true,"href":"https:\/\/sertv.gob.pa\/nacionalfm\/wp-json\/wp\/v2\/tags?post=7573"}],"curies":[{"name":"wp","href":"https:\/\/api.w.org\/{rel}","templated":true}]}}