{"id":75962,"date":"2021-11-17T19:43:51","date_gmt":"2021-11-17T19:43:51","guid":{"rendered":"https:\/\/sertv.gob.pa\/nacionalfm\/?p=75962"},"modified":"2021-11-17T19:43:51","modified_gmt":"2021-11-17T19:43:51","slug":"al-menos-un-muerto-y-graves-danos-materiales-en-canada-por-las-lluvias-torrenciales","status":"publish","type":"post","link":"https:\/\/sertv.gob.pa\/nacionalfm\/al-menos-un-muerto-y-graves-danos-materiales-en-canada-por-las-lluvias-torrenciales\/","title":{"rendered":"Al menos un muerto y graves da\u00f1os materiales en Canad\u00e1 por las lluvias torrenciales"},"content":{"rendered":"<p>&nbsp;<\/p>\n<p><strong><em>MADRID, (EUROPA PRESS) \u2013<\/em><\/strong><\/p>\n<p><strong><em>\u00a0<\/em><\/strong><\/p>\n<p>Al menos una persona ha muerto como consecuencia de las lluvias torrenciales que est\u00e1 experimentando la provincia canadiense de Columbia Brit\u00e1nica desde el fin de semana, que han provocado graves da\u00f1os materiales a causa de las inundaciones y deslizamiento de tierra.<\/p>\n<p>A pesar de que actualmente las fuertes precipitaciones han disminuido, las condiciones atmosf\u00e9ricas han provocado la evacuaci\u00f3n de la ciudad de Merritt, el valle de Fraser y el interior de Vancouver, mientras las autoridades no descartan que el n\u00famero de v\u00edctimas pueda aumentar en las \u00faltimas horas.<\/p>\n<p>Precisamente Vancouver ha quedado aislado por carretera, ya que todas han sido cerradas debido a los da\u00f1os provocados, mientras que se ha cortado el acceso ferroviario a su puerto, el m\u00e1s grande del pa\u00eds.<\/p>\n<p>Tambi\u00e9n se han evacuado las localidades de Abbotsford y Chilliwack, mientras las escuelas permanecen cerradas en amplias partes de la provincia, que todav\u00eda se encuentra bajo alerta de inundaci\u00f3n. El temporal tambi\u00e9n ha propiciado el cierre de carreteras debido a los deslizamientos de tierra, mientras los r\u00edos est\u00e1n al l\u00edmite de desbordarse.<\/p>\n<p>El cuerpo de una mujer ha sido recuperado en el lugar donde se hab\u00eda producido un deslizamiento de tierra, mientras los esfuerzos de b\u00fasqueda y rescate contin\u00faan, informa la cadena p\u00fablica de televisi\u00f3n CBC.<\/p>\n<p>&nbsp;<\/p>\n<p>Fuente: EUROPA PRESS<\/p>\n<p>&nbsp;<\/p>\n<p>&nbsp;<\/p>\n<p>&nbsp;<\/p>\n<p>&nbsp;<\/p>\n","protected":false},"excerpt":{"rendered":"<p>&nbsp; MADRID, (EUROPA PRESS) \u2013 \u00a0 Al menos una persona <a href=\"https:\/\/sertv.gob.pa\/nacionalfm\/al-menos-un-muerto-y-graves-danos-materiales-en-canada-por-las-lluvias-torrenciales\/\"> [&#8230;]<\/a><\/p>\n","protected":false},"author":9,"featured_media":75963,"comment_status":"closed","ping_status":"closed","sticky":false,"template":"","format":"standard","meta":{"footnotes":""},"categories":[3],"tags":[],"class_list":["post-75962","post","type-post","status-publish","format-standard","has-post-thumbnail","hentry","category-internacionales"],"_links":{"self":[{"href":"https:\/\/sertv.gob.pa\/nacionalfm\/wp-json\/wp\/v2\/posts\/75962","targetHints":{"allow":["GET"]}}],"collection":[{"href":"https:\/\/sertv.gob.pa\/nacionalfm\/wp-json\/wp\/v2\/posts"}],"about":[{"href":"https:\/\/sertv.gob.pa\/nacionalfm\/wp-json\/wp\/v2\/types\/post"}],"author":[{"embeddable":true,"href":"https:\/\/sertv.gob.pa\/nacionalfm\/wp-json\/wp\/v2\/users\/9"}],"replies":[{"embeddable":true,"href":"https:\/\/sertv.gob.pa\/nacionalfm\/wp-json\/wp\/v2\/comments?post=75962"}],"version-history":[{"count":1,"href":"https:\/\/sertv.gob.pa\/nacionalfm\/wp-json\/wp\/v2\/posts\/75962\/revisions"}],"predecessor-version":[{"id":75967,"href":"https:\/\/sertv.gob.pa\/nacionalfm\/wp-json\/wp\/v2\/posts\/75962\/revisions\/75967"}],"wp:featuredmedia":[{"embeddable":true,"href":"https:\/\/sertv.gob.pa\/nacionalfm\/wp-json\/wp\/v2\/media\/75963"}],"wp:attachment":[{"href":"https:\/\/sertv.gob.pa\/nacionalfm\/wp-json\/wp\/v2\/media?parent=75962"}],"wp:term":[{"taxonomy":"category","embeddable":true,"href":"https:\/\/sertv.gob.pa\/nacionalfm\/wp-json\/wp\/v2\/categories?post=75962"},{"taxonomy":"post_tag","embeddable":true,"href":"https:\/\/sertv.gob.pa\/nacionalfm\/wp-json\/wp\/v2\/tags?post=75962"}],"curies":[{"name":"wp","href":"https:\/\/api.w.org\/{rel}","templated":true}]}}