{"id":76025,"date":"2021-11-18T20:31:27","date_gmt":"2021-11-18T20:31:27","guid":{"rendered":"https:\/\/sertv.gob.pa\/nacionalfm\/?p=76025"},"modified":"2021-11-18T20:31:27","modified_gmt":"2021-11-18T20:31:27","slug":"francia-prohibe-los-animales-salvajes-en-circos","status":"publish","type":"post","link":"https:\/\/sertv.gob.pa\/nacionalfm\/francia-prohibe-los-animales-salvajes-en-circos\/","title":{"rendered":"Francia proh\u00edbe los animales salvajes en circos"},"content":{"rendered":"<p><strong><em>PAR\u00cdS, (DPA\/EP) \u2013<\/em><\/strong><\/p>\n<p><strong><em>\u00a0<\/em><\/strong><\/p>\n<p>El Parlamento de Francia ha aprobado este jueves la iniciativa legislativa que proh\u00edbe la presencia de animales salvajes en los circos, dos a\u00f1os de que fuera presentada por primera vez la ley, que tambi\u00e9n contempla penas m\u00e1s estrictas para el abandono animal.<\/p>\n<p>Los senadores han dado la aprobaci\u00f3n final al proyecto legislativo, haciendo que la compra, la venta y la cr\u00eda de animales salvajes para espect\u00e1culos circenses itinerantes sean ilegales a partir de ahora en todo el pa\u00eds.<\/p>\n<p>Los espect\u00e1culos en s\u00ed, as\u00ed como la tenencia y el transporte de este tipo de animales, ser\u00e1n ilegales siete a\u00f1os despu\u00e9s de la entrada en vigor de la ley.<\/p>\n<p>La ley tambi\u00e9n estipula que cualquier persona que quiera tener un animal de compa\u00f1\u00eda deber\u00e1 pasar un periodo de una semana reflexionando sobre la decisi\u00f3n, en un intento de combatir las compras impulsivas, que a menudo conducen al abandono de los animales, seg\u00fan el Senado.<\/p>\n<p>Tambi\u00e9n se aplicar\u00e1n penas m\u00e1s elevadas por el abandono y el maltrato de animales de compa\u00f1\u00eda.<\/p>\n<p>&nbsp;<\/p>\n<p>Fuente: EUROPA PRESS<\/p>\n","protected":false},"excerpt":{"rendered":"<p>PAR\u00cdS, (DPA\/EP) \u2013 \u00a0 El Parlamento de Francia ha aprobado <a href=\"https:\/\/sertv.gob.pa\/nacionalfm\/francia-prohibe-los-animales-salvajes-en-circos\/\"> [&#8230;]<\/a><\/p>\n","protected":false},"author":9,"featured_media":76026,"comment_status":"closed","ping_status":"closed","sticky":false,"template":"","format":"standard","meta":{"footnotes":""},"categories":[3],"tags":[],"class_list":["post-76025","post","type-post","status-publish","format-standard","has-post-thumbnail","hentry","category-internacionales"],"_links":{"self":[{"href":"https:\/\/sertv.gob.pa\/nacionalfm\/wp-json\/wp\/v2\/posts\/76025","targetHints":{"allow":["GET"]}}],"collection":[{"href":"https:\/\/sertv.gob.pa\/nacionalfm\/wp-json\/wp\/v2\/posts"}],"about":[{"href":"https:\/\/sertv.gob.pa\/nacionalfm\/wp-json\/wp\/v2\/types\/post"}],"author":[{"embeddable":true,"href":"https:\/\/sertv.gob.pa\/nacionalfm\/wp-json\/wp\/v2\/users\/9"}],"replies":[{"embeddable":true,"href":"https:\/\/sertv.gob.pa\/nacionalfm\/wp-json\/wp\/v2\/comments?post=76025"}],"version-history":[{"count":1,"href":"https:\/\/sertv.gob.pa\/nacionalfm\/wp-json\/wp\/v2\/posts\/76025\/revisions"}],"predecessor-version":[{"id":76031,"href":"https:\/\/sertv.gob.pa\/nacionalfm\/wp-json\/wp\/v2\/posts\/76025\/revisions\/76031"}],"wp:featuredmedia":[{"embeddable":true,"href":"https:\/\/sertv.gob.pa\/nacionalfm\/wp-json\/wp\/v2\/media\/76026"}],"wp:attachment":[{"href":"https:\/\/sertv.gob.pa\/nacionalfm\/wp-json\/wp\/v2\/media?parent=76025"}],"wp:term":[{"taxonomy":"category","embeddable":true,"href":"https:\/\/sertv.gob.pa\/nacionalfm\/wp-json\/wp\/v2\/categories?post=76025"},{"taxonomy":"post_tag","embeddable":true,"href":"https:\/\/sertv.gob.pa\/nacionalfm\/wp-json\/wp\/v2\/tags?post=76025"}],"curies":[{"name":"wp","href":"https:\/\/api.w.org\/{rel}","templated":true}]}}