{"id":76070,"date":"2021-11-19T19:42:45","date_gmt":"2021-11-19T19:42:45","guid":{"rendered":"https:\/\/sertv.gob.pa\/nacionalfm\/?p=76070"},"modified":"2021-11-19T19:42:45","modified_gmt":"2021-11-19T19:42:45","slug":"al-menos-siete-muertos-en-un-incendio-en-santiago-de-chile-entre-ellos-cuatro-menores","status":"publish","type":"post","link":"https:\/\/sertv.gob.pa\/nacionalfm\/al-menos-siete-muertos-en-un-incendio-en-santiago-de-chile-entre-ellos-cuatro-menores\/","title":{"rendered":"Al menos siete muertos en un incendio en Santiago de Chile, entre ellos cuatro menores"},"content":{"rendered":"<p><strong><em>MADRID, (EUROPA PRESS) &#8211;<\/em><\/strong><\/p>\n<p>Al menos siete personas, entre ellas cuatro menores, han muerto este viernes en un incendio que ha afectado a cuatro viviendas en la comuna de Cerro Navia, en Santiago de Chile.<\/p>\n<p>El incendio se ha producido pasadas las 4.00 horas en la calle Rolando Petersen, aunque por el momento de desconocen las causas que han originado el fuego.<\/p>\n<p>El personal de emergencia contin\u00faa trabajando en el lugar, seg\u00fan informa Radio B\u00edo B\u00edo.<\/p>\n<p>El incidente ha dejado tambi\u00e9n cuatro heridos, y seg\u00fan Bomberos los fallecidos se encontraban en la casa que m\u00e1s afectada ha resultado por el incendio, en la que hab\u00eda diez personas en el momento.<\/p>\n<p>&nbsp;<\/p>\n<p>Fuente: EUROPA PRESS<\/p>\n","protected":false},"excerpt":{"rendered":"<p>MADRID, (EUROPA PRESS) &#8211; Al menos siete personas, entre ellas <a href=\"https:\/\/sertv.gob.pa\/nacionalfm\/al-menos-siete-muertos-en-un-incendio-en-santiago-de-chile-entre-ellos-cuatro-menores\/\"> [&#8230;]<\/a><\/p>\n","protected":false},"author":9,"featured_media":76071,"comment_status":"closed","ping_status":"closed","sticky":false,"template":"","format":"standard","meta":{"footnotes":""},"categories":[1],"tags":[],"class_list":["post-76070","post","type-post","status-publish","format-standard","has-post-thumbnail","hentry","category-sin-categoria"],"_links":{"self":[{"href":"https:\/\/sertv.gob.pa\/nacionalfm\/wp-json\/wp\/v2\/posts\/76070","targetHints":{"allow":["GET"]}}],"collection":[{"href":"https:\/\/sertv.gob.pa\/nacionalfm\/wp-json\/wp\/v2\/posts"}],"about":[{"href":"https:\/\/sertv.gob.pa\/nacionalfm\/wp-json\/wp\/v2\/types\/post"}],"author":[{"embeddable":true,"href":"https:\/\/sertv.gob.pa\/nacionalfm\/wp-json\/wp\/v2\/users\/9"}],"replies":[{"embeddable":true,"href":"https:\/\/sertv.gob.pa\/nacionalfm\/wp-json\/wp\/v2\/comments?post=76070"}],"version-history":[{"count":1,"href":"https:\/\/sertv.gob.pa\/nacionalfm\/wp-json\/wp\/v2\/posts\/76070\/revisions"}],"predecessor-version":[{"id":76072,"href":"https:\/\/sertv.gob.pa\/nacionalfm\/wp-json\/wp\/v2\/posts\/76070\/revisions\/76072"}],"wp:featuredmedia":[{"embeddable":true,"href":"https:\/\/sertv.gob.pa\/nacionalfm\/wp-json\/wp\/v2\/media\/76071"}],"wp:attachment":[{"href":"https:\/\/sertv.gob.pa\/nacionalfm\/wp-json\/wp\/v2\/media?parent=76070"}],"wp:term":[{"taxonomy":"category","embeddable":true,"href":"https:\/\/sertv.gob.pa\/nacionalfm\/wp-json\/wp\/v2\/categories?post=76070"},{"taxonomy":"post_tag","embeddable":true,"href":"https:\/\/sertv.gob.pa\/nacionalfm\/wp-json\/wp\/v2\/tags?post=76070"}],"curies":[{"name":"wp","href":"https:\/\/api.w.org\/{rel}","templated":true}]}}