{"id":76118,"date":"2021-11-22T18:50:37","date_gmt":"2021-11-22T18:50:37","guid":{"rendered":"https:\/\/sertv.gob.pa\/nacionalfm\/?p=76118"},"modified":"2021-11-22T18:50:37","modified_gmt":"2021-11-22T18:50:37","slug":"al-menos-60-muertos-por-las-fuertes-lluvias-caidas-en-el-sur-de-india","status":"publish","type":"post","link":"https:\/\/sertv.gob.pa\/nacionalfm\/al-menos-60-muertos-por-las-fuertes-lluvias-caidas-en-el-sur-de-india\/","title":{"rendered":"Al menos 60 muertos por las fuertes lluvias ca\u00eddas en el sur de India"},"content":{"rendered":"<p><strong><em>MADRID, (EUROPA PRESS) \u2013<\/em><\/strong><\/p>\n<p><strong><em>\u00a0<\/em><\/strong><\/p>\n<p>Al menos 60 personas han muerto y miles de ellas se han visto forzadas a dejar sus hogares debido a las fuertes precipitaciones que han estado cayendo a lo largo de la \u00faltima semana en tres estados del sur de India.<\/p>\n<p>Las lluvias han ca\u00eddo con especial intensidad en la casi totalidad de las diferentes regiones de los estados Andhra Pradesh, Karnataka y Tamil Nadu, provocando tambi\u00e9n importantes da\u00f1os materiales.<\/p>\n<p>Los fuertes aguaceros han dejado barrios anegados, con los vecinos obligados a dejar sus hogares, cuando no siendo rescatados por las autoridades. Al menos 58.000 personas han sido reubicadas en campamentos de socorro solo en Andhra Pradesh.<\/p>\n<p>La mayor\u00eda de fallecidos se han registrado este fin de semana. Andhra Pradesh, en el sureste, ha sido el estado con mayor n\u00famero de muertos hasta el momento, con al menos treinta, la mayor\u00eda de ellos por os accidentes provocados por las lluvias.<\/p>\n<p>Es el caso de una familia de nueve miembros en Vellore, en el estado de Tamil Nadu, que han muerto aplastados mientras dorm\u00edan, incluidos cuatro ni\u00f1os, tras derrumbarse uno de las paredes de la casa, seg\u00fan ha recogido &#8216;The Times of India&#8217;.<\/p>\n<p>A pesar de que las lluvias han bajado en intensidad en las \u00faltimas horas, muchas regiones permanecen aisladas despu\u00e9s de que carreteras y otras v\u00edas de comunicaci\u00f3n hayan quedado intransitadas tras el paso de las precipitaciones, por lo que las autoridades han tenido que desplegar varios operativos a trav\u00e9s de helic\u00f3pteros y peque\u00f1as embarcaciones para poder socorrer a los afectados.<\/p>\n<p>&nbsp;<\/p>\n<p>Fuente: EUROPA PRESS<\/p>\n","protected":false},"excerpt":{"rendered":"<p>MADRID, (EUROPA PRESS) \u2013 \u00a0 Al menos 60 personas han <a href=\"https:\/\/sertv.gob.pa\/nacionalfm\/al-menos-60-muertos-por-las-fuertes-lluvias-caidas-en-el-sur-de-india\/\"> [&#8230;]<\/a><\/p>\n","protected":false},"author":9,"featured_media":76119,"comment_status":"closed","ping_status":"closed","sticky":false,"template":"","format":"standard","meta":{"footnotes":""},"categories":[3],"tags":[],"class_list":["post-76118","post","type-post","status-publish","format-standard","has-post-thumbnail","hentry","category-internacionales"],"_links":{"self":[{"href":"https:\/\/sertv.gob.pa\/nacionalfm\/wp-json\/wp\/v2\/posts\/76118","targetHints":{"allow":["GET"]}}],"collection":[{"href":"https:\/\/sertv.gob.pa\/nacionalfm\/wp-json\/wp\/v2\/posts"}],"about":[{"href":"https:\/\/sertv.gob.pa\/nacionalfm\/wp-json\/wp\/v2\/types\/post"}],"author":[{"embeddable":true,"href":"https:\/\/sertv.gob.pa\/nacionalfm\/wp-json\/wp\/v2\/users\/9"}],"replies":[{"embeddable":true,"href":"https:\/\/sertv.gob.pa\/nacionalfm\/wp-json\/wp\/v2\/comments?post=76118"}],"version-history":[{"count":1,"href":"https:\/\/sertv.gob.pa\/nacionalfm\/wp-json\/wp\/v2\/posts\/76118\/revisions"}],"predecessor-version":[{"id":76122,"href":"https:\/\/sertv.gob.pa\/nacionalfm\/wp-json\/wp\/v2\/posts\/76118\/revisions\/76122"}],"wp:featuredmedia":[{"embeddable":true,"href":"https:\/\/sertv.gob.pa\/nacionalfm\/wp-json\/wp\/v2\/media\/76119"}],"wp:attachment":[{"href":"https:\/\/sertv.gob.pa\/nacionalfm\/wp-json\/wp\/v2\/media?parent=76118"}],"wp:term":[{"taxonomy":"category","embeddable":true,"href":"https:\/\/sertv.gob.pa\/nacionalfm\/wp-json\/wp\/v2\/categories?post=76118"},{"taxonomy":"post_tag","embeddable":true,"href":"https:\/\/sertv.gob.pa\/nacionalfm\/wp-json\/wp\/v2\/tags?post=76118"}],"curies":[{"name":"wp","href":"https:\/\/api.w.org\/{rel}","templated":true}]}}