{"id":76181,"date":"2021-11-23T18:03:08","date_gmt":"2021-11-23T18:03:08","guid":{"rendered":"https:\/\/sertv.gob.pa\/nacionalfm\/?p=76181"},"modified":"2021-11-23T18:03:08","modified_gmt":"2021-11-23T18:03:08","slug":"la-onu-expresa-su-preocupacion-extrema-por-la-alarmante-sequia-en-somalia","status":"publish","type":"post","link":"https:\/\/sertv.gob.pa\/nacionalfm\/la-onu-expresa-su-preocupacion-extrema-por-la-alarmante-sequia-en-somalia\/","title":{"rendered":"La ONU expresa su preocupaci\u00f3n \u00abextrema\u00bb por la \u00abalarmante sequ\u00eda\u00bb en Somalia"},"content":{"rendered":"<p><strong><em>MADRID, (EUROPA PRESS) \u2013<\/em><\/strong><\/p>\n<p><strong><em>\u00a0<\/em><\/strong><\/p>\n<p>Varias agencias de la ONU han expresado su preocupaci\u00f3n \u00abextrema\u00bb ante la \u00abalarmante sequ\u00eda\u00bb que se cierne sobre Somalia, donde la temporada de lluvias no ha registrado nuevamente suficientes precipitaciones.<\/p>\n<p>La Oficina de Naciones Unidas para la Coordinaci\u00f3n de Asuntos Humanitarios ha indicado en un comunicado que esto ha provocado que 2,3 millones de personas &#8211;cerca de un quinto de la poblaci\u00f3n del pa\u00eds&#8211; no cuenten con el agua necesaria. Las pocas lluvias han provocado, adem\u00e1s, que el cauce de los r\u00edos se haya secado y que los pozos se hayan vaciado en su totalidad.<\/p>\n<p>Para la Organizaci\u00f3n de la ONU para la Alimentaci\u00f3n y la Agricultura (FAO), esta situaci\u00f3n es \u00abextremadamente preocupante\u00bb y pone en peligro a millones de personas. Datos de Naciones Unidas muestran que m\u00e1s de 96.000 personas han tenido que abandonar sus hogares debido a la sequ\u00eda, especialmente en el centro y el sur del pa\u00eds.<\/p>\n<p>La sequ\u00eda se ha traducido, adem\u00e1s, en una falta de alimentos, que es grave entre algunas poblaciones. Jadija Diriye, ministra de Asuntos Humanitarios, advirti\u00f3 hace unos d\u00edas de que los ni\u00f1os y los ancianos somal\u00edes corren peligro de sufrir una grave desnutrici\u00f3n.<\/p>\n<p>Datos del Gobierno somal\u00ed indican que ya han muerto por hambre algunas personas en el pa\u00eds. En la regi\u00f3n de Jubaland, por ejemplo, cinco personas han muerto por hambre y desnutrici\u00f3n aguda.<\/p>\n<p>Somalia, que ha experimentado varias d\u00e9cadas de guerra civil, ha sufrido adem\u00e1s una decena de sequ\u00edas. Este fen\u00f3meno, que persiste, est\u00e1 provocado problemas tambi\u00e9n en pa\u00edses colindantes.<\/p>\n<p>&nbsp;<\/p>\n<p>Fuente: EUROPA PRESS<\/p>\n","protected":false},"excerpt":{"rendered":"<p>MADRID, (EUROPA PRESS) \u2013 \u00a0 Varias agencias de la ONU <a href=\"https:\/\/sertv.gob.pa\/nacionalfm\/la-onu-expresa-su-preocupacion-extrema-por-la-alarmante-sequia-en-somalia\/\"> [&#8230;]<\/a><\/p>\n","protected":false},"author":9,"featured_media":76182,"comment_status":"closed","ping_status":"closed","sticky":false,"template":"","format":"standard","meta":{"footnotes":""},"categories":[3],"tags":[],"class_list":["post-76181","post","type-post","status-publish","format-standard","has-post-thumbnail","hentry","category-internacionales"],"_links":{"self":[{"href":"https:\/\/sertv.gob.pa\/nacionalfm\/wp-json\/wp\/v2\/posts\/76181","targetHints":{"allow":["GET"]}}],"collection":[{"href":"https:\/\/sertv.gob.pa\/nacionalfm\/wp-json\/wp\/v2\/posts"}],"about":[{"href":"https:\/\/sertv.gob.pa\/nacionalfm\/wp-json\/wp\/v2\/types\/post"}],"author":[{"embeddable":true,"href":"https:\/\/sertv.gob.pa\/nacionalfm\/wp-json\/wp\/v2\/users\/9"}],"replies":[{"embeddable":true,"href":"https:\/\/sertv.gob.pa\/nacionalfm\/wp-json\/wp\/v2\/comments?post=76181"}],"version-history":[{"count":1,"href":"https:\/\/sertv.gob.pa\/nacionalfm\/wp-json\/wp\/v2\/posts\/76181\/revisions"}],"predecessor-version":[{"id":76185,"href":"https:\/\/sertv.gob.pa\/nacionalfm\/wp-json\/wp\/v2\/posts\/76181\/revisions\/76185"}],"wp:featuredmedia":[{"embeddable":true,"href":"https:\/\/sertv.gob.pa\/nacionalfm\/wp-json\/wp\/v2\/media\/76182"}],"wp:attachment":[{"href":"https:\/\/sertv.gob.pa\/nacionalfm\/wp-json\/wp\/v2\/media?parent=76181"}],"wp:term":[{"taxonomy":"category","embeddable":true,"href":"https:\/\/sertv.gob.pa\/nacionalfm\/wp-json\/wp\/v2\/categories?post=76181"},{"taxonomy":"post_tag","embeddable":true,"href":"https:\/\/sertv.gob.pa\/nacionalfm\/wp-json\/wp\/v2\/tags?post=76181"}],"curies":[{"name":"wp","href":"https:\/\/api.w.org\/{rel}","templated":true}]}}