{"id":7621,"date":"2015-09-21T20:16:23","date_gmt":"2015-09-21T20:16:23","guid":{"rendered":""},"modified":"2015-09-21T20:16:23","modified_gmt":"2015-09-21T20:16:23","slug":"cuando-las-mamas-crecen-en-el-varon","status":"publish","type":"post","link":"https:\/\/sertv.gob.pa\/nacionalfm\/cuando-las-mamas-crecen-en-el-varon\/","title":{"rendered":"Cuando las mamas crecen en el var\u00f3n"},"content":{"rendered":"<p>\nLa doctora Fanny Rodr\u00edguez, especialista en cirug\u00eda pl\u00e1stica, est\u00e9tica y reconstructiva, describe que la ginecomastia se caracteriza por el exceso de grasa localizada alrededor de los\u00a0m\u00fasculos del t\u00f3rax y un desarrollo excesivo de tejido glandular mamario en los varones. \u00a0 <\/p>\n<p>De acuerdo con la Organizaci\u00f3n Panamericana de la Salud (OPS), se distinguen tres etapas pico en la aparici\u00f3n de la ginecomastia: en el reci\u00e9n nacido se presenta en el 60% a 90% de los casos; durante la pubertad, a partir de los 10 a\u00f1os, con la mayor incidencia entre los 13 y 14 a\u00f1os; y en los adultos, con mayor prevalencia entre los 50 y 80 a\u00f1os.\u00a0 <\/p>\n<p>&ldquo;Se estima que el 65% de los adolescentes experimenta ginecomastia. La mayor\u00eda de ni\u00f1os la supera en unos pocos a\u00f1os, pero entre el 10% y el 15% padecer\u00e1 su problema en la edad adulta. Para estos pacientes, la reducci\u00f3n de mama suele ser la \u00fanica manera de reformar y definir el t\u00f3rax&rdquo;, agrega la doctora Rodr\u00edguez. <\/p>\n<p>Adem\u00e1s de los desequilibrios hormonales, otros factores que pueden influir en la aparici\u00f3n de ginecomastia son la herencia, el uso de ciertos medicamentos como los anab\u00f3licos para aumentar la masa muscular y enfermedades como la cirrosis. \u00a0 <\/p>\n<p>Algunos antibi\u00f3ticos, medicinas antiulcerosas y drogas de abuso, como el alcohol y la mariguana, tambi\u00e9n pueden tener como efecto secundario el desarrollo mamario en un var\u00f3n, seg\u00fan la OPS.\u00a0 <\/p>\n<p>Si la ginecomastia se debe a sobrepeso u obesidad, perder peso y ejercitarse es un primer paso, aunque seg\u00fan el caso, es probable que las mamas no recuperen su tama\u00f1o normal y se requiera una cirug\u00eda. \u00a0 <\/p>\n<p>La doctora Rodr\u00edguez advierte que en aquellos varones que presentan crecimiento unilateral, se debe descartar la presencia de tumoraci\u00f3n (los varones tambi\u00e9n pueden padecer c\u00e1ncer de mama). \u00a0 <\/p>\n<p>El diagn\u00f3stico de la ginecomastia se realiza mediante una adecuada historia cl\u00ednica, examen f\u00edsico, y se puede complementar con estudios como el ultrasonido. Su correcci\u00f3n se lleva a cabo mediante un procedimiento de reducci\u00f3n mamaria en el var\u00f3n llamado mastectom\u00eda subcut\u00e1nea. <\/p>\n<p>\u00a0 <\/p>\n<p>\u00a0 <\/p>\n","protected":false},"excerpt":{"rendered":"<p>La doctora Fanny Rodr\u00edguez, especialista en cirug\u00eda pl\u00e1stica, est\u00e9tica y <a href=\"https:\/\/sertv.gob.pa\/nacionalfm\/cuando-las-mamas-crecen-en-el-varon\/\"> [&#8230;]<\/a><\/p>\n","protected":false},"author":1,"featured_media":7622,"comment_status":"closed","ping_status":"closed","sticky":false,"template":"","format":"standard","meta":{"footnotes":""},"categories":[5],"tags":[],"class_list":["post-7621","post","type-post","status-publish","format-standard","has-post-thumbnail","hentry","category-salud"],"_links":{"self":[{"href":"https:\/\/sertv.gob.pa\/nacionalfm\/wp-json\/wp\/v2\/posts\/7621","targetHints":{"allow":["GET"]}}],"collection":[{"href":"https:\/\/sertv.gob.pa\/nacionalfm\/wp-json\/wp\/v2\/posts"}],"about":[{"href":"https:\/\/sertv.gob.pa\/nacionalfm\/wp-json\/wp\/v2\/types\/post"}],"author":[{"embeddable":true,"href":"https:\/\/sertv.gob.pa\/nacionalfm\/wp-json\/wp\/v2\/users\/1"}],"replies":[{"embeddable":true,"href":"https:\/\/sertv.gob.pa\/nacionalfm\/wp-json\/wp\/v2\/comments?post=7621"}],"version-history":[{"count":0,"href":"https:\/\/sertv.gob.pa\/nacionalfm\/wp-json\/wp\/v2\/posts\/7621\/revisions"}],"wp:featuredmedia":[{"embeddable":true,"href":"https:\/\/sertv.gob.pa\/nacionalfm\/wp-json\/wp\/v2\/media\/7622"}],"wp:attachment":[{"href":"https:\/\/sertv.gob.pa\/nacionalfm\/wp-json\/wp\/v2\/media?parent=7621"}],"wp:term":[{"taxonomy":"category","embeddable":true,"href":"https:\/\/sertv.gob.pa\/nacionalfm\/wp-json\/wp\/v2\/categories?post=7621"},{"taxonomy":"post_tag","embeddable":true,"href":"https:\/\/sertv.gob.pa\/nacionalfm\/wp-json\/wp\/v2\/tags?post=7621"}],"curies":[{"name":"wp","href":"https:\/\/api.w.org\/{rel}","templated":true}]}}