{"id":76243,"date":"2021-11-24T19:24:09","date_gmt":"2021-11-24T19:24:09","guid":{"rendered":"https:\/\/sertv.gob.pa\/nacionalfm\/?p=76243"},"modified":"2021-11-24T19:25:03","modified_gmt":"2021-11-24T19:25:03","slug":"el-papa-expresa-su-cercania-espiritual-a-los-familiares-de-las-victimas-del-atropello-en-wisconsin","status":"publish","type":"post","link":"https:\/\/sertv.gob.pa\/nacionalfm\/el-papa-expresa-su-cercania-espiritual-a-los-familiares-de-las-victimas-del-atropello-en-wisconsin\/","title":{"rendered":"El Papa expresa su \u00abcercan\u00eda espiritual\u00bb a los familiares de las v\u00edctimas del atropello en Wisconsin"},"content":{"rendered":"<p><strong><em>ROMA, (EUROPA PRESS) \u2013<\/em><\/strong><\/p>\n<p>&nbsp;<\/p>\n<p>El Papa ha expresado su \u00abcercan\u00eda espiritual\u00bb a los familiares de las v\u00edctimas del atropello en el estado estadounidense de Wisconsin, donde este domingo un coche se abalanz\u00f3 contra una multitud que participaba en un desfile navide\u00f1o.<\/p>\n<p>A trav\u00e9s de un telegrama, dirigido al arzobispo de Milwaukee, monse\u00f1or Jerome Edward Listecki, y firmado, como es habitual, por el secretario de Estado Vaticano, cardenal Pietro Parolin, Francisco ha expresado su p\u00e9same y su cercan\u00eda espiritual a todos los afectados por el tr\u00e1gico incidente acaecido en Waukesha, \u00aba la vez que asegura sus oraciones por todos ellos\u00bb.<\/p>\n<p>La Oficina de Prensa de la Santa Sede ha publicado el telegrama en el que el Pont\u00edfice encomienda las almas de los fallecidos \u00aba la amorosa misericordia de Dios Todopoderoso e implora los dones divinos de curaci\u00f3n y consuelo para los heridos y afectados\u00bb. El suceso se sald\u00f3 con la muerte de cinco personas y 40 heridos.<\/p>\n<p>El Papa ha concluido su mensaje uni\u00e9ndose en oraci\u00f3n para pedir al Se\u00f1or \u00abque conceda a todos la fuerza espiritual que triunfa sobre la violencia y vence el mal con el bien\u00bb.<\/p>\n<p>&nbsp;<\/p>\n<p>Fuente: EUROPA PRESS<\/p>\n","protected":false},"excerpt":{"rendered":"<p>ROMA, (EUROPA PRESS) \u2013 &nbsp; El Papa ha expresado su <a href=\"https:\/\/sertv.gob.pa\/nacionalfm\/el-papa-expresa-su-cercania-espiritual-a-los-familiares-de-las-victimas-del-atropello-en-wisconsin\/\"> [&#8230;]<\/a><\/p>\n","protected":false},"author":9,"featured_media":76248,"comment_status":"closed","ping_status":"closed","sticky":false,"template":"","format":"standard","meta":{"footnotes":""},"categories":[3],"tags":[],"class_list":["post-76243","post","type-post","status-publish","format-standard","has-post-thumbnail","hentry","category-internacionales"],"_links":{"self":[{"href":"https:\/\/sertv.gob.pa\/nacionalfm\/wp-json\/wp\/v2\/posts\/76243","targetHints":{"allow":["GET"]}}],"collection":[{"href":"https:\/\/sertv.gob.pa\/nacionalfm\/wp-json\/wp\/v2\/posts"}],"about":[{"href":"https:\/\/sertv.gob.pa\/nacionalfm\/wp-json\/wp\/v2\/types\/post"}],"author":[{"embeddable":true,"href":"https:\/\/sertv.gob.pa\/nacionalfm\/wp-json\/wp\/v2\/users\/9"}],"replies":[{"embeddable":true,"href":"https:\/\/sertv.gob.pa\/nacionalfm\/wp-json\/wp\/v2\/comments?post=76243"}],"version-history":[{"count":2,"href":"https:\/\/sertv.gob.pa\/nacionalfm\/wp-json\/wp\/v2\/posts\/76243\/revisions"}],"predecessor-version":[{"id":76250,"href":"https:\/\/sertv.gob.pa\/nacionalfm\/wp-json\/wp\/v2\/posts\/76243\/revisions\/76250"}],"wp:featuredmedia":[{"embeddable":true,"href":"https:\/\/sertv.gob.pa\/nacionalfm\/wp-json\/wp\/v2\/media\/76248"}],"wp:attachment":[{"href":"https:\/\/sertv.gob.pa\/nacionalfm\/wp-json\/wp\/v2\/media?parent=76243"}],"wp:term":[{"taxonomy":"category","embeddable":true,"href":"https:\/\/sertv.gob.pa\/nacionalfm\/wp-json\/wp\/v2\/categories?post=76243"},{"taxonomy":"post_tag","embeddable":true,"href":"https:\/\/sertv.gob.pa\/nacionalfm\/wp-json\/wp\/v2\/tags?post=76243"}],"curies":[{"name":"wp","href":"https:\/\/api.w.org\/{rel}","templated":true}]}}