{"id":76331,"date":"2021-11-26T18:21:28","date_gmt":"2021-11-26T18:21:28","guid":{"rendered":"https:\/\/sertv.gob.pa\/nacionalfm\/?p=76331"},"modified":"2021-11-26T18:21:28","modified_gmt":"2021-11-26T18:21:28","slug":"el-presidente-de-somalia-renuncia-a-dos-meses-de-sueldo-para-ayudar-a-las-victimas-de-la-sequia","status":"publish","type":"post","link":"https:\/\/sertv.gob.pa\/nacionalfm\/el-presidente-de-somalia-renuncia-a-dos-meses-de-sueldo-para-ayudar-a-las-victimas-de-la-sequia\/","title":{"rendered":"El presidente de Somalia renuncia a dos meses de sueldo para ayudar a las v\u00edctimas de la sequ\u00eda"},"content":{"rendered":"<p><strong>MADRID, (EUROPA PRESS) \u2013<\/strong><\/p>\n<p><strong>\u00a0<\/strong><\/p>\n<p>El presidente de Somalia, Mohamedi Abdulahi &#8216;Farmajo&#8217;, ha anunciado este viernes que renunciar\u00e1 a dos meses de su sueldo para contribuir a la lucha contra la devastadora sequ\u00eda que est\u00e1 asolando parte del pa\u00eds.<\/p>\n<p>Este anuncio tiene lugar despu\u00e9s de que el primer ministro de Somalia, Mohamed Hussein Roble, declarara este martes el estado de emergencia humanitaria y solicitara ayuda inmediata a la comunidad internacional para poder hacer frente a un problema que en los \u00faltimos a\u00f1os se ha repetido en una docena de ocasiones.<\/p>\n<p>Para la Organizaci\u00f3n de la ONU para la Alimentaci\u00f3n y la Agricultura (FAO), esta situaci\u00f3n es \u00abextremadamente preocupante\u00bb y pone en peligro a millones de personas. Datos de Naciones Unidas muestran que m\u00e1s de 96.000 personas han tenido que abandonar sus hogares debido a la sequ\u00eda, especialmente en el centro y el sur del pa\u00eds.<\/p>\n<p>As\u00ed las cosas, \u00abel presidente ha renunciado este viernes a sus dos pr\u00f3ximos sueldos de noviembre y diciembre como donaci\u00f3n personal a los esfuerzos de ayuda\u00bb, seg\u00fan un comunicado de la Presidencia somal\u00ed publicado en Twitter.<\/p>\n<p>\u00abLos fondos se utilizar\u00e1n para atender a nuestros queridos ciudadanos ampliamente afectados por las severas sequ\u00edas en nuestra Rep\u00fablica\u00bb, a\u00f1ade el comunicado.<\/p>\n<p>&nbsp;<\/p>\n<p>Fuente: EUROPA PRESS<\/p>\n<p>&nbsp;<\/p>\n","protected":false},"excerpt":{"rendered":"<p>MADRID, (EUROPA PRESS) \u2013 \u00a0 El presidente de Somalia, Mohamedi <a href=\"https:\/\/sertv.gob.pa\/nacionalfm\/el-presidente-de-somalia-renuncia-a-dos-meses-de-sueldo-para-ayudar-a-las-victimas-de-la-sequia\/\"> [&#8230;]<\/a><\/p>\n","protected":false},"author":9,"featured_media":76332,"comment_status":"closed","ping_status":"closed","sticky":false,"template":"","format":"standard","meta":{"footnotes":""},"categories":[3],"tags":[],"class_list":["post-76331","post","type-post","status-publish","format-standard","has-post-thumbnail","hentry","category-internacionales"],"_links":{"self":[{"href":"https:\/\/sertv.gob.pa\/nacionalfm\/wp-json\/wp\/v2\/posts\/76331","targetHints":{"allow":["GET"]}}],"collection":[{"href":"https:\/\/sertv.gob.pa\/nacionalfm\/wp-json\/wp\/v2\/posts"}],"about":[{"href":"https:\/\/sertv.gob.pa\/nacionalfm\/wp-json\/wp\/v2\/types\/post"}],"author":[{"embeddable":true,"href":"https:\/\/sertv.gob.pa\/nacionalfm\/wp-json\/wp\/v2\/users\/9"}],"replies":[{"embeddable":true,"href":"https:\/\/sertv.gob.pa\/nacionalfm\/wp-json\/wp\/v2\/comments?post=76331"}],"version-history":[{"count":1,"href":"https:\/\/sertv.gob.pa\/nacionalfm\/wp-json\/wp\/v2\/posts\/76331\/revisions"}],"predecessor-version":[{"id":76334,"href":"https:\/\/sertv.gob.pa\/nacionalfm\/wp-json\/wp\/v2\/posts\/76331\/revisions\/76334"}],"wp:featuredmedia":[{"embeddable":true,"href":"https:\/\/sertv.gob.pa\/nacionalfm\/wp-json\/wp\/v2\/media\/76332"}],"wp:attachment":[{"href":"https:\/\/sertv.gob.pa\/nacionalfm\/wp-json\/wp\/v2\/media?parent=76331"}],"wp:term":[{"taxonomy":"category","embeddable":true,"href":"https:\/\/sertv.gob.pa\/nacionalfm\/wp-json\/wp\/v2\/categories?post=76331"},{"taxonomy":"post_tag","embeddable":true,"href":"https:\/\/sertv.gob.pa\/nacionalfm\/wp-json\/wp\/v2\/tags?post=76331"}],"curies":[{"name":"wp","href":"https:\/\/api.w.org\/{rel}","templated":true}]}}