{"id":76451,"date":"2021-12-01T19:29:56","date_gmt":"2021-12-01T19:29:56","guid":{"rendered":"https:\/\/sertv.gob.pa\/nacionalfm\/?p=76451"},"modified":"2021-12-01T19:29:56","modified_gmt":"2021-12-01T19:29:56","slug":"las-autoridades-electorales-de-venezuela-fijan-para-el-9-de-enero-las-elecciones-en-el-estado-de-barinas","status":"publish","type":"post","link":"https:\/\/sertv.gob.pa\/nacionalfm\/las-autoridades-electorales-de-venezuela-fijan-para-el-9-de-enero-las-elecciones-en-el-estado-de-barinas\/","title":{"rendered":"Las autoridades electorales de Venezuela fijan para el 9 de enero las elecciones en el estado de Barinas"},"content":{"rendered":"<p><strong>\u00a0<\/strong><strong><em>MADRID, (EUROPA PRESS) &#8211;<\/em><\/strong><\/p>\n<p>&nbsp;<\/p>\n<p>El Consejo Nacional Electoral (CNE) de Venezuela ha fijado el 9 de enero de 2022 como fecha para las elecciones en el estado de Barinas, despu\u00e9s de que el Tribunal Supremo de Justicia (TSJ) ordenara la repetici\u00f3n del proceso.<\/p>\n<p>Seg\u00fan ha informado el organismo a trav\u00e9s de su cuenta en la red social Twitter, junto a la convocatoria de elecciones, las autoridades tambi\u00e9n han aprobado el calendario electoral, que se publicar\u00e1 a lo largo de este mi\u00e9rcoles.<\/p>\n<p>As\u00ed, los candidatos tendr\u00e1n que presentar sus candidaturas entre este jueves y el lunes, mientras que las modificaciones y sustituciones se llevar\u00e1n a cabo entre el 18 y el 30 de diciembre. Estos cambios no figurar\u00e1n en la papeleta, ha matizado el CNE.<\/p>\n<p>En cuanto a la campa\u00f1a, se llevar\u00e1 a cabo entre el 22 de diciembre y el 6 de enero de 2022. El calendario tambi\u00e9n prev\u00e9 la realizaci\u00f3n de cuatro auditor\u00edas, como una de configuraci\u00f3n de m\u00e1quinas de votaci\u00f3n, entre otras.<\/p>\n<p>El gobernador de Barinas, Argenis Ch\u00e1vez, hermano del fallecido presidente Hugo Ch\u00e1vez, anunci\u00f3 el martes su dimisi\u00f3n del cargo en un intento por \u00abfacilitar\u00bb el proceso para repetir las elecciones, tal y como estableci\u00f3 el TSJ.<\/p>\n<p>El TSJ orden\u00f3 la repetici\u00f3n de las elecciones horas despu\u00e9s de que el Consejo Nacional Electoral paralizase el recuento y dejase en el aire una votaci\u00f3n en la que el opositor Freddy Superlano figuraba ligeramente por delante de Argenis Ch\u00e1vez.<\/p>\n<p>&nbsp;<\/p>\n<p>Fuente: EUROPA PRESS<\/p>\n","protected":false},"excerpt":{"rendered":"<p>\u00a0MADRID, (EUROPA PRESS) &#8211; &nbsp; El Consejo Nacional Electoral (CNE) <a href=\"https:\/\/sertv.gob.pa\/nacionalfm\/las-autoridades-electorales-de-venezuela-fijan-para-el-9-de-enero-las-elecciones-en-el-estado-de-barinas\/\"> [&#8230;]<\/a><\/p>\n","protected":false},"author":9,"featured_media":76452,"comment_status":"closed","ping_status":"closed","sticky":false,"template":"","format":"standard","meta":{"footnotes":""},"categories":[3],"tags":[],"class_list":["post-76451","post","type-post","status-publish","format-standard","has-post-thumbnail","hentry","category-internacionales"],"_links":{"self":[{"href":"https:\/\/sertv.gob.pa\/nacionalfm\/wp-json\/wp\/v2\/posts\/76451","targetHints":{"allow":["GET"]}}],"collection":[{"href":"https:\/\/sertv.gob.pa\/nacionalfm\/wp-json\/wp\/v2\/posts"}],"about":[{"href":"https:\/\/sertv.gob.pa\/nacionalfm\/wp-json\/wp\/v2\/types\/post"}],"author":[{"embeddable":true,"href":"https:\/\/sertv.gob.pa\/nacionalfm\/wp-json\/wp\/v2\/users\/9"}],"replies":[{"embeddable":true,"href":"https:\/\/sertv.gob.pa\/nacionalfm\/wp-json\/wp\/v2\/comments?post=76451"}],"version-history":[{"count":1,"href":"https:\/\/sertv.gob.pa\/nacionalfm\/wp-json\/wp\/v2\/posts\/76451\/revisions"}],"predecessor-version":[{"id":76453,"href":"https:\/\/sertv.gob.pa\/nacionalfm\/wp-json\/wp\/v2\/posts\/76451\/revisions\/76453"}],"wp:featuredmedia":[{"embeddable":true,"href":"https:\/\/sertv.gob.pa\/nacionalfm\/wp-json\/wp\/v2\/media\/76452"}],"wp:attachment":[{"href":"https:\/\/sertv.gob.pa\/nacionalfm\/wp-json\/wp\/v2\/media?parent=76451"}],"wp:term":[{"taxonomy":"category","embeddable":true,"href":"https:\/\/sertv.gob.pa\/nacionalfm\/wp-json\/wp\/v2\/categories?post=76451"},{"taxonomy":"post_tag","embeddable":true,"href":"https:\/\/sertv.gob.pa\/nacionalfm\/wp-json\/wp\/v2\/tags?post=76451"}],"curies":[{"name":"wp","href":"https:\/\/api.w.org\/{rel}","templated":true}]}}