{"id":76518,"date":"2021-12-02T19:25:14","date_gmt":"2021-12-02T19:25:14","guid":{"rendered":"https:\/\/sertv.gob.pa\/nacionalfm\/?p=76518"},"modified":"2021-12-02T19:25:14","modified_gmt":"2021-12-02T19:25:14","slug":"los-veintisiete-adoptan-formalmente-la-nueva-pac","status":"publish","type":"post","link":"https:\/\/sertv.gob.pa\/nacionalfm\/los-veintisiete-adoptan-formalmente-la-nueva-pac\/","title":{"rendered":"Los Veintisiete adoptan formalmente la nueva PAC"},"content":{"rendered":"<p><strong><em>BRUSELAS, (EUROPA PRESS) \u2013<\/em><\/strong><\/p>\n<p><strong><em>\u00a0<\/em><\/strong><\/p>\n<p>Los pa\u00edses de la Uni\u00f3n Europea han adoptado este jueves la pol\u00edtica agraria com\u00fan (PAC) para el periodo que se aplicar\u00e1 desde enero de 2023, con la que el bloque quiere aumentar la contribuci\u00f3n del sector agrario a la lucha contra el cambio clim\u00e1tico y crea un nuevo modelo de gesti\u00f3n basado en los planes estrat\u00e9gicos nacionales.<\/p>\n<p>El proceso de reforma de la PAC ha llevado tres a\u00f1os de trabajo entre Estados miembros e instituciones europeas. El acuerdo se alcanz\u00f3 en junio de 2021 despu\u00e9s de que el Consejo y el Parlamento Europeo adoptaran sus posiciones negociadores nueve meses antes.<\/p>\n<p>\u00abDespu\u00e9s de m\u00e1s de tres a\u00f1os de trabajo duro hemos llegado finalmente a la meta. La nueva PAC adoptada hoy marca un hito en la pol\u00edtica agraria de la UE, apuntando a una nueva fase m\u00e1s justa y sostenible para los productores europeos\u00bb, ha se\u00f1alado el ministro esloveno de Agricultura, Joze Podgorsek, que ostenta la presidencia rotatoria de la UE.<\/p>\n<p>La PAC es la mayor partida del presupuesto comunitario con una dotaci\u00f3n de 380.000 millones de euros para el periodo 2021-2027, A Espa\u00f1a le corresponden unos 37.000 millones en pagos directos para los agricultores y ganaderos y casi 8.000 millones para desarrollo rural durante los siete a\u00f1os.<\/p>\n<p>&nbsp;<\/p>\n<p>Fuente: EUROPA PRESS<\/p>\n","protected":false},"excerpt":{"rendered":"<p>BRUSELAS, (EUROPA PRESS) \u2013 \u00a0 Los pa\u00edses de la Uni\u00f3n <a href=\"https:\/\/sertv.gob.pa\/nacionalfm\/los-veintisiete-adoptan-formalmente-la-nueva-pac\/\"> [&#8230;]<\/a><\/p>\n","protected":false},"author":9,"featured_media":76519,"comment_status":"closed","ping_status":"closed","sticky":false,"template":"","format":"standard","meta":{"footnotes":""},"categories":[3],"tags":[],"class_list":["post-76518","post","type-post","status-publish","format-standard","has-post-thumbnail","hentry","category-internacionales"],"_links":{"self":[{"href":"https:\/\/sertv.gob.pa\/nacionalfm\/wp-json\/wp\/v2\/posts\/76518","targetHints":{"allow":["GET"]}}],"collection":[{"href":"https:\/\/sertv.gob.pa\/nacionalfm\/wp-json\/wp\/v2\/posts"}],"about":[{"href":"https:\/\/sertv.gob.pa\/nacionalfm\/wp-json\/wp\/v2\/types\/post"}],"author":[{"embeddable":true,"href":"https:\/\/sertv.gob.pa\/nacionalfm\/wp-json\/wp\/v2\/users\/9"}],"replies":[{"embeddable":true,"href":"https:\/\/sertv.gob.pa\/nacionalfm\/wp-json\/wp\/v2\/comments?post=76518"}],"version-history":[{"count":1,"href":"https:\/\/sertv.gob.pa\/nacionalfm\/wp-json\/wp\/v2\/posts\/76518\/revisions"}],"predecessor-version":[{"id":76520,"href":"https:\/\/sertv.gob.pa\/nacionalfm\/wp-json\/wp\/v2\/posts\/76518\/revisions\/76520"}],"wp:featuredmedia":[{"embeddable":true,"href":"https:\/\/sertv.gob.pa\/nacionalfm\/wp-json\/wp\/v2\/media\/76519"}],"wp:attachment":[{"href":"https:\/\/sertv.gob.pa\/nacionalfm\/wp-json\/wp\/v2\/media?parent=76518"}],"wp:term":[{"taxonomy":"category","embeddable":true,"href":"https:\/\/sertv.gob.pa\/nacionalfm\/wp-json\/wp\/v2\/categories?post=76518"},{"taxonomy":"post_tag","embeddable":true,"href":"https:\/\/sertv.gob.pa\/nacionalfm\/wp-json\/wp\/v2\/tags?post=76518"}],"curies":[{"name":"wp","href":"https:\/\/api.w.org\/{rel}","templated":true}]}}