{"id":76613,"date":"2021-12-06T18:18:17","date_gmt":"2021-12-06T18:18:17","guid":{"rendered":"https:\/\/sertv.gob.pa\/nacionalfm\/?p=76613"},"modified":"2021-12-06T18:18:17","modified_gmt":"2021-12-06T18:18:17","slug":"liberados-otros-tres-misioneros-secuestrados-en-octubre-en-haiti","status":"publish","type":"post","link":"https:\/\/sertv.gob.pa\/nacionalfm\/liberados-otros-tres-misioneros-secuestrados-en-octubre-en-haiti\/","title":{"rendered":"Liberados otros tres misioneros secuestrados en octubre en Hait\u00ed"},"content":{"rendered":"<p>Otros tres de los 17 misioneros estadounidenses y canadienses secuestrados en octubre en Hait\u00ed han sido liberados, seg\u00fan ha informado este lunes el grupo al que pertenecen, Christian Aid Ministries.<\/p>\n<p>En un comunicado, el grupo ha detallado que los rehenes fueron liberados durante la noche del domingo y que los tres se encuentran a salvo y de buen humor.<\/p>\n<p>No obstante, Christian Aid Ministries ha rechazado dar detalles adicionales sobre los liberados, como sus identidades o las circunstancias de su liberaci\u00f3n. Por \u00faltimo, han agradecido el apoyo recibido.<\/p>\n<p>Dos de los misioneros secuestrados fueron liberados a finales de noviembre. Fueron secuestrados el 16 de octubre por la banda &#8216;400 Mawozo&#8217; en la capital haitiana, Puerto Pr\u00edncipe, tras regresar de una visita a un orfanato al este de la ciudad. La banda ha pedido un rescate de un mill\u00f3n de d\u00f3lares por reh\u00e9n (850.000 euros).<\/p>\n<p>La incautaci\u00f3n de veh\u00edculos y de todos sus ocupantes para obtener un rescate es una de las principales actividades que utiliza la banda para financiar sus actividades. En abril, la pandilla secuestr\u00f3 a un grupo de cl\u00e9rigos cat\u00f3licos, que despu\u00e9s fueron liberados, se desconoce si previo rescate.<\/p>\n<p>Hait\u00ed tiene una de las tasas de secuestro m\u00e1s altas del mundo, ya que las poderosas bandas de delincuentes explotan la situaci\u00f3n de anarqu\u00eda para ganar dinero con el pago de rescates. Este a\u00f1o ha sido particularmente grave, con casi 800 secuestros confirmados desde principios de a\u00f1o hasta finales de octubre.<\/p>\n<p>El aumento se produjo en parte a ra\u00edz del asesinato del presidente Jovenel Moise en julio, y en medio de violentas luchas entre facciones rivales luchan por hacerse con el control del pa\u00eds frente a una fuerza policial completamente desbordada.<\/p>\n<p>&nbsp;<\/p>\n<p>Fuente: EUROPA PRESS<\/p>\n","protected":false},"excerpt":{"rendered":"<p>Otros tres de los 17 misioneros estadounidenses y canadienses secuestrados <a href=\"https:\/\/sertv.gob.pa\/nacionalfm\/liberados-otros-tres-misioneros-secuestrados-en-octubre-en-haiti\/\"> [&#8230;]<\/a><\/p>\n","protected":false},"author":9,"featured_media":76614,"comment_status":"closed","ping_status":"closed","sticky":false,"template":"","format":"standard","meta":{"footnotes":""},"categories":[3],"tags":[],"class_list":["post-76613","post","type-post","status-publish","format-standard","has-post-thumbnail","hentry","category-internacionales"],"_links":{"self":[{"href":"https:\/\/sertv.gob.pa\/nacionalfm\/wp-json\/wp\/v2\/posts\/76613","targetHints":{"allow":["GET"]}}],"collection":[{"href":"https:\/\/sertv.gob.pa\/nacionalfm\/wp-json\/wp\/v2\/posts"}],"about":[{"href":"https:\/\/sertv.gob.pa\/nacionalfm\/wp-json\/wp\/v2\/types\/post"}],"author":[{"embeddable":true,"href":"https:\/\/sertv.gob.pa\/nacionalfm\/wp-json\/wp\/v2\/users\/9"}],"replies":[{"embeddable":true,"href":"https:\/\/sertv.gob.pa\/nacionalfm\/wp-json\/wp\/v2\/comments?post=76613"}],"version-history":[{"count":1,"href":"https:\/\/sertv.gob.pa\/nacionalfm\/wp-json\/wp\/v2\/posts\/76613\/revisions"}],"predecessor-version":[{"id":76615,"href":"https:\/\/sertv.gob.pa\/nacionalfm\/wp-json\/wp\/v2\/posts\/76613\/revisions\/76615"}],"wp:featuredmedia":[{"embeddable":true,"href":"https:\/\/sertv.gob.pa\/nacionalfm\/wp-json\/wp\/v2\/media\/76614"}],"wp:attachment":[{"href":"https:\/\/sertv.gob.pa\/nacionalfm\/wp-json\/wp\/v2\/media?parent=76613"}],"wp:term":[{"taxonomy":"category","embeddable":true,"href":"https:\/\/sertv.gob.pa\/nacionalfm\/wp-json\/wp\/v2\/categories?post=76613"},{"taxonomy":"post_tag","embeddable":true,"href":"https:\/\/sertv.gob.pa\/nacionalfm\/wp-json\/wp\/v2\/tags?post=76613"}],"curies":[{"name":"wp","href":"https:\/\/api.w.org\/{rel}","templated":true}]}}