{"id":76616,"date":"2021-12-06T18:54:49","date_gmt":"2021-12-06T18:54:49","guid":{"rendered":"https:\/\/sertv.gob.pa\/nacionalfm\/?p=76616"},"modified":"2021-12-06T18:54:49","modified_gmt":"2021-12-06T18:54:49","slug":"aumentan-a-22-los-fallecidos-por-la-erupcion-del-volcan-semeru-en-indonesia","status":"publish","type":"post","link":"https:\/\/sertv.gob.pa\/nacionalfm\/aumentan-a-22-los-fallecidos-por-la-erupcion-del-volcan-semeru-en-indonesia\/","title":{"rendered":"Aumentan a 22 los fallecidos por la erupci\u00f3n del volc\u00e1n Semeru en Indonesia"},"content":{"rendered":"<p><strong><em>YAKARTA, (DPA\/EP) \u2013<\/em><\/strong><\/p>\n<p><strong><em>\u00a0<\/em><\/strong><\/p>\n<p>Al menos 22 personas han muerto por la erupci\u00f3n el s\u00e1bado del volc\u00e1n Semeru en la provincia indonesia de Java Oriental, seg\u00fan un nuevo balance de v\u00edctimas divulgado este lunes por las autoridades, que a\u00fan tratan de evaluar los da\u00f1os tanto personales como materiales de esta tragedia.<\/p>\n<p>El director en funciones del Centro de Datos, Informaci\u00f3n y Comunicaci\u00f3n de Desastres, Abdul Muhari, ha a\u00f1adido adem\u00e1s que un total de 27 personas se encuentran desaparecidas y un total de 2.004 evacuados est\u00e1n repartidos en 19 centros de acogida, informa el portal MediaIndonesia. El total de afectados, de acuerdo con las autoridades, es de 5.205 personas.<\/p>\n<p>El jefe de la agencia local de protecci\u00f3n civil, Wawan Hadi, hab\u00eda confirmado previamente que 68 personas fueron atendidas con quemaduras tras la erupci\u00f3n, que dej\u00f3 tambi\u00e9n amplias zonas te\u00f1idas de una mezcla de ceniza y lodo. Las im\u00e1genes captadas por los medios de comunicaci\u00f3n locales muestran viviendas pr\u00e1cticamente cubiertas.<\/p>\n<p>Las autoridades han desplegado una operaci\u00f3n de ayuda humanitaria para brindarles ayuda a los damnificados, que en su mayor\u00eda tuvieron que huir a toda prisa el s\u00e1bado.<\/p>\n<p>La ca\u00edda de cenizas y el derrumbe de un puente que conecta el distrito de Lumajang, zona cero de la tragedia, con la ciudad de Malang, han complicado en las \u00faltimas horas las de ayuda. Entre las \u00faltimas v\u00edctimas localizadas figuran una mujer y su hija cuyos cuerpos fueron hallados entrelazados en los escombros de su vivienda, seg\u00fan el portal de noticias Kompas.<\/p>\n<p>El volc\u00e1n, de 3.700 metros y la monta\u00f1a m\u00e1s alta de la isla de Java, ya entr\u00f3 en erupci\u00f3n en diciembre del a\u00f1o pasado, lo que provoc\u00f3 una ola de evacuaciones parecida a la vivida este fin de semana<\/p>\n<p>Indonesia se sit\u00faa en el llamado &#8216;Anillo de Fuego&#8217; del Pac\u00edfico, por lo que experimenta a menudo una alta actividad s\u00edsmica y los terremotos y erupciones volc\u00e1nicas ocurren con regularidad.<\/p>\n<p>&nbsp;<\/p>\n<p>Fuente: <strong><em>DPA\/EP<\/em><\/strong><\/p>\n","protected":false},"excerpt":{"rendered":"<p>YAKARTA, (DPA\/EP) \u2013 \u00a0 Al menos 22 personas han muerto <a href=\"https:\/\/sertv.gob.pa\/nacionalfm\/aumentan-a-22-los-fallecidos-por-la-erupcion-del-volcan-semeru-en-indonesia\/\"> [&#8230;]<\/a><\/p>\n","protected":false},"author":9,"featured_media":76617,"comment_status":"closed","ping_status":"closed","sticky":false,"template":"","format":"standard","meta":{"footnotes":""},"categories":[3],"tags":[],"class_list":["post-76616","post","type-post","status-publish","format-standard","has-post-thumbnail","hentry","category-internacionales"],"_links":{"self":[{"href":"https:\/\/sertv.gob.pa\/nacionalfm\/wp-json\/wp\/v2\/posts\/76616","targetHints":{"allow":["GET"]}}],"collection":[{"href":"https:\/\/sertv.gob.pa\/nacionalfm\/wp-json\/wp\/v2\/posts"}],"about":[{"href":"https:\/\/sertv.gob.pa\/nacionalfm\/wp-json\/wp\/v2\/types\/post"}],"author":[{"embeddable":true,"href":"https:\/\/sertv.gob.pa\/nacionalfm\/wp-json\/wp\/v2\/users\/9"}],"replies":[{"embeddable":true,"href":"https:\/\/sertv.gob.pa\/nacionalfm\/wp-json\/wp\/v2\/comments?post=76616"}],"version-history":[{"count":1,"href":"https:\/\/sertv.gob.pa\/nacionalfm\/wp-json\/wp\/v2\/posts\/76616\/revisions"}],"predecessor-version":[{"id":76622,"href":"https:\/\/sertv.gob.pa\/nacionalfm\/wp-json\/wp\/v2\/posts\/76616\/revisions\/76622"}],"wp:featuredmedia":[{"embeddable":true,"href":"https:\/\/sertv.gob.pa\/nacionalfm\/wp-json\/wp\/v2\/media\/76617"}],"wp:attachment":[{"href":"https:\/\/sertv.gob.pa\/nacionalfm\/wp-json\/wp\/v2\/media?parent=76616"}],"wp:term":[{"taxonomy":"category","embeddable":true,"href":"https:\/\/sertv.gob.pa\/nacionalfm\/wp-json\/wp\/v2\/categories?post=76616"},{"taxonomy":"post_tag","embeddable":true,"href":"https:\/\/sertv.gob.pa\/nacionalfm\/wp-json\/wp\/v2\/tags?post=76616"}],"curies":[{"name":"wp","href":"https:\/\/api.w.org\/{rel}","templated":true}]}}