{"id":76790,"date":"2021-12-10T18:08:09","date_gmt":"2021-12-10T18:08:09","guid":{"rendered":"https:\/\/sertv.gob.pa\/nacionalfm\/?p=76790"},"modified":"2021-12-10T18:08:09","modified_gmt":"2021-12-10T18:08:09","slug":"ascienden-a-45-los-muertos-por-la-erupcion-del-volcan-semeru-en-indonesia","status":"publish","type":"post","link":"https:\/\/sertv.gob.pa\/nacionalfm\/ascienden-a-45-los-muertos-por-la-erupcion-del-volcan-semeru-en-indonesia\/","title":{"rendered":"Ascienden a 45 los muertos por la erupci\u00f3n del volc\u00e1n Semeru en Indonesia"},"content":{"rendered":"<p><strong><em>MADRID, (EUROPA PRESS) \u2013<\/em><\/strong><\/p>\n<p><strong><em>\u00a0<\/em><\/strong><\/p>\n<p>Al menos 45 personas han muerto tras la erupci\u00f3n del volc\u00e1n Semeru, en la provincia indonesia de Java Oriental, seg\u00fan el \u00faltimo balance dado este viernes por el Gobierno de Indonesia.<\/p>\n<p>Por el momento hay otras nueve personas en paradero desconocido, tal y como ha se\u00f1alado el portavoz de los equipos de emergencias, Irwan Subekti. La erupci\u00f3n ha provocado adem\u00e1s la evacuaci\u00f3n de la pr\u00e1ctica totalidad del distrito de Lumajang, que se ha visto gravemente afectado por las coladas de lava, seg\u00fan informaciones de la agencia de noticias Antara.<\/p>\n<p>Los cuerpos de muchas de las v\u00edctimas han sido hallados enterrados bajo material volc\u00e1nico, mientras que m\u00e1s de 6.500 han logrado desplazarse y se encuentran ahora en refugios proporcionados por el Gobierno.<\/p>\n<p>El volc\u00e1n, de casi 3.700 metros de altura, forma parte del parque nacional de Bromo Tengger Semeru y ha entrado en erupci\u00f3n varias veces desde diciembre de 2020. Se trata de la monta\u00f1a m\u00e1s alta de toda la isla, en la que residen unos 145 millones de personas.<\/p>\n<p>Adem\u00e1s, el pa\u00eds se encuentra situado en el llamado Anillo de Fuego del Pac\u00edfico, conocido por su alta actividad s\u00edsmica y en el que se encuentran m\u00e1s de un centenar de volcanes activos.<\/p>\n<p>&nbsp;<\/p>\n<p>Fuente: EUROPA PRESS<\/p>\n","protected":false},"excerpt":{"rendered":"<p>MADRID, (EUROPA PRESS) \u2013 \u00a0 Al menos 45 personas han <a href=\"https:\/\/sertv.gob.pa\/nacionalfm\/ascienden-a-45-los-muertos-por-la-erupcion-del-volcan-semeru-en-indonesia\/\"> [&#8230;]<\/a><\/p>\n","protected":false},"author":9,"featured_media":76791,"comment_status":"closed","ping_status":"closed","sticky":false,"template":"","format":"standard","meta":{"footnotes":""},"categories":[3],"tags":[],"class_list":["post-76790","post","type-post","status-publish","format-standard","has-post-thumbnail","hentry","category-internacionales"],"_links":{"self":[{"href":"https:\/\/sertv.gob.pa\/nacionalfm\/wp-json\/wp\/v2\/posts\/76790","targetHints":{"allow":["GET"]}}],"collection":[{"href":"https:\/\/sertv.gob.pa\/nacionalfm\/wp-json\/wp\/v2\/posts"}],"about":[{"href":"https:\/\/sertv.gob.pa\/nacionalfm\/wp-json\/wp\/v2\/types\/post"}],"author":[{"embeddable":true,"href":"https:\/\/sertv.gob.pa\/nacionalfm\/wp-json\/wp\/v2\/users\/9"}],"replies":[{"embeddable":true,"href":"https:\/\/sertv.gob.pa\/nacionalfm\/wp-json\/wp\/v2\/comments?post=76790"}],"version-history":[{"count":1,"href":"https:\/\/sertv.gob.pa\/nacionalfm\/wp-json\/wp\/v2\/posts\/76790\/revisions"}],"predecessor-version":[{"id":76793,"href":"https:\/\/sertv.gob.pa\/nacionalfm\/wp-json\/wp\/v2\/posts\/76790\/revisions\/76793"}],"wp:featuredmedia":[{"embeddable":true,"href":"https:\/\/sertv.gob.pa\/nacionalfm\/wp-json\/wp\/v2\/media\/76791"}],"wp:attachment":[{"href":"https:\/\/sertv.gob.pa\/nacionalfm\/wp-json\/wp\/v2\/media?parent=76790"}],"wp:term":[{"taxonomy":"category","embeddable":true,"href":"https:\/\/sertv.gob.pa\/nacionalfm\/wp-json\/wp\/v2\/categories?post=76790"},{"taxonomy":"post_tag","embeddable":true,"href":"https:\/\/sertv.gob.pa\/nacionalfm\/wp-json\/wp\/v2\/tags?post=76790"}],"curies":[{"name":"wp","href":"https:\/\/api.w.org\/{rel}","templated":true}]}}