{"id":76834,"date":"2021-12-13T18:15:29","date_gmt":"2021-12-13T18:15:29","guid":{"rendered":"https:\/\/sertv.gob.pa\/nacionalfm\/?p=76834"},"modified":"2021-12-13T18:15:29","modified_gmt":"2021-12-13T18:15:29","slug":"familiares-de-desaparecidos-levantan-fosas-ficticias-frente-al-palacio-nacional-de-mexico","status":"publish","type":"post","link":"https:\/\/sertv.gob.pa\/nacionalfm\/familiares-de-desaparecidos-levantan-fosas-ficticias-frente-al-palacio-nacional-de-mexico\/","title":{"rendered":"Familiares de desaparecidos levantan fosas ficticias frente al Palacio Nacional de M\u00e9xico"},"content":{"rendered":"<p><strong><em>MADRID, (EUROPA PRESS) \u2013<\/em><\/strong><\/p>\n<p><strong><em>\u00a0<\/em><\/strong><\/p>\n<p>Colectivos de b\u00fasqueda de desaparecidos han levantado fosas ficticias frente al Palacio Nacional, sede oficial de la Presidencia de M\u00e9xico, para reivindicar una mayor intervenci\u00f3n de las autoridades.<\/p>\n<p>\u00abSi AMLO no va a las fosas, las fosas vienen a \u00e9l\u00bb, han planteado los colectivos en referencia al presidente, Andr\u00e9s Manuel L\u00f3pez Obrador, al que han pedido que les reciba.<\/p>\n<p>En concreto, colectivos de familias de b\u00fasqueda de desaparecidos del estado de Guanajuato como &#8216;Hasta Encontrarte&#8217; se han manifestado trayendo un cami\u00f3n que descarg\u00f3 varios kilos de tierra para simular fosas clandestinas.<\/p>\n<p>El pasado mes de noviembre, enviados del Comit\u00e9 de Naciones Unidas contra la Desaparici\u00f3n Forzada, Juan Pablo Alb\u00e1n y Horacio Ravenna, mantuvieron una reuni\u00f3n privada con la Comisi\u00f3n de Derechos Humanos del Senado mexicano en el marco de una visita de doce d\u00edas al pa\u00eds.<\/p>\n<p>En el encuentro, el senador sin partido Emilio \u00c1lvarez Icaza celebr\u00f3 que esta visita se haya concretado casi una d\u00e9cada despu\u00e9s de que la representaci\u00f3n de la ONU la solicitara.<\/p>\n<p>\u00abLo que ustedes deben tener absolutamente claro es que M\u00e9xico vive una profunda crisis de violaci\u00f3n a los Derechos Humanos, misma que se ha agudizado. Las desapariciones forzadas y las desapariciones de personas contin\u00faan perpetr\u00e1ndose de manera creciente y escandalosa\u00bb, dijo entonces \u00c1lvarez.<\/p>\n<p>&nbsp;<\/p>\n<p>Fuente: EUROPA PRESS<\/p>\n","protected":false},"excerpt":{"rendered":"<p>MADRID, (EUROPA PRESS) \u2013 \u00a0 Colectivos de b\u00fasqueda de desaparecidos <a href=\"https:\/\/sertv.gob.pa\/nacionalfm\/familiares-de-desaparecidos-levantan-fosas-ficticias-frente-al-palacio-nacional-de-mexico\/\"> [&#8230;]<\/a><\/p>\n","protected":false},"author":9,"featured_media":76835,"comment_status":"closed","ping_status":"closed","sticky":false,"template":"","format":"standard","meta":{"footnotes":""},"categories":[3],"tags":[],"class_list":["post-76834","post","type-post","status-publish","format-standard","has-post-thumbnail","hentry","category-internacionales"],"_links":{"self":[{"href":"https:\/\/sertv.gob.pa\/nacionalfm\/wp-json\/wp\/v2\/posts\/76834","targetHints":{"allow":["GET"]}}],"collection":[{"href":"https:\/\/sertv.gob.pa\/nacionalfm\/wp-json\/wp\/v2\/posts"}],"about":[{"href":"https:\/\/sertv.gob.pa\/nacionalfm\/wp-json\/wp\/v2\/types\/post"}],"author":[{"embeddable":true,"href":"https:\/\/sertv.gob.pa\/nacionalfm\/wp-json\/wp\/v2\/users\/9"}],"replies":[{"embeddable":true,"href":"https:\/\/sertv.gob.pa\/nacionalfm\/wp-json\/wp\/v2\/comments?post=76834"}],"version-history":[{"count":1,"href":"https:\/\/sertv.gob.pa\/nacionalfm\/wp-json\/wp\/v2\/posts\/76834\/revisions"}],"predecessor-version":[{"id":76836,"href":"https:\/\/sertv.gob.pa\/nacionalfm\/wp-json\/wp\/v2\/posts\/76834\/revisions\/76836"}],"wp:featuredmedia":[{"embeddable":true,"href":"https:\/\/sertv.gob.pa\/nacionalfm\/wp-json\/wp\/v2\/media\/76835"}],"wp:attachment":[{"href":"https:\/\/sertv.gob.pa\/nacionalfm\/wp-json\/wp\/v2\/media?parent=76834"}],"wp:term":[{"taxonomy":"category","embeddable":true,"href":"https:\/\/sertv.gob.pa\/nacionalfm\/wp-json\/wp\/v2\/categories?post=76834"},{"taxonomy":"post_tag","embeddable":true,"href":"https:\/\/sertv.gob.pa\/nacionalfm\/wp-json\/wp\/v2\/tags?post=76834"}],"curies":[{"name":"wp","href":"https:\/\/api.w.org\/{rel}","templated":true}]}}