{"id":76837,"date":"2021-12-13T18:36:58","date_gmt":"2021-12-13T18:36:58","guid":{"rendered":"https:\/\/sertv.gob.pa\/nacionalfm\/?p=76837"},"modified":"2021-12-13T18:36:58","modified_gmt":"2021-12-13T18:36:58","slug":"el-gobernador-de-kentucky-ee-uu-confirma-64-muertos-por-los-tornados-aunque-el-balance-sin-duda-aumentara","status":"publish","type":"post","link":"https:\/\/sertv.gob.pa\/nacionalfm\/el-gobernador-de-kentucky-ee-uu-confirma-64-muertos-por-los-tornados-aunque-el-balance-sin-duda-aumentara\/","title":{"rendered":"El gobernador de Kentucky (EE.UU.) confirma 64 muertos por los tornados, aunque el balance \u00absin duda\u00bb aumentar\u00e1"},"content":{"rendered":"<p>&nbsp;<\/p>\n<p><strong><em>MADRID, (EUROPA PRESS) \u2013<\/em><\/strong><\/p>\n<p><strong><em>\u00a0<\/em><\/strong><\/p>\n<p>El gobernador de Kentucky (Estados Unidos), Andy Beshear, ha confirmado este lunes que al menos 64 personas perdieron la vida por la cadena de tornados registrados el fin de semana, una cifra inferior a los 70 que barajaban las autoridades en estas \u00faltimas horas pero que \u00absin duda\u00bb aumentar\u00e1 a medida que aumenten los trabajos de b\u00fasqueda en las zonas afectadas.<\/p>\n<p>Los servicios meteorol\u00f3gicos han registrado alrededor de 50 tornados entre el viernes y el s\u00e1bado en Kentucky, Arkansas, Illinois, Indiana, Misisipi, Misuri, Ohio y Tennessee. El nivel de destrucci\u00f3n hac\u00eda temer al menos un centenar de fallecidos, si bien por ahora se han confirmado 64.<\/p>\n<p>Beshear, que ha comparecido este lunes ante los medios, ha asegurado que el balance \u00abseguro estar\u00e1 por encima de 70, quiz\u00e1s de 80\u00bb. \u00abPodr\u00edamos tardar semanas hasta tener un recuento real tanto de fallecidos como de destrucci\u00f3n\u00bb, ha dicho, antes de apuntar que hay m\u00e1s de cien desaparecidos.<\/p>\n<p>Entre las v\u00edctimas ya identificadas hay al menos seis menores de edad, la m\u00e1s peque\u00f1a de ellas de apenas cinco meses. El gobernador ha ordenado que todas las banderas de instituciones p\u00fablicas ondeen a media asta durante una semana en homenaje a todos estos fallecidos, informa la cadena CNN.<\/p>\n<p>Beshear calcula en \u00abmiles\u00bb las viviendas destruidas y en localidades como Dawson Spring, en la zona oeste del estado, la devastaci\u00f3n es pr\u00e1cticamente absoluta. El alcalde, Chris Smiley, ha asegurado que la zona es un aut\u00e9ntico \u00abcaos\u00bb, con un 75 por ciento de la comunidad destruida: \u00abEs lo peor que he visto nunca\u00bb.<\/p>\n<p>El gobernador se ha dirigido a los ciudadanos del estado, especialmente a los de la parte oeste, con un discurso emotivo en el que ha prometido que el Gobierno y la poblaci\u00f3n estar\u00e1n de su lado. \u00abNo nos vamos a ir a ninguna parte. Estaremos con vosotros hoy, estaremos con vosotros ma\u00f1ana y estaremos con vosotros en la reconstrucci\u00f3n\u00bb, ha se\u00f1alado.<\/p>\n<p>&nbsp;<\/p>\n<p>Fuente: EUROPA PRESS<\/p>\n","protected":false},"excerpt":{"rendered":"<p>&nbsp; MADRID, (EUROPA PRESS) \u2013 \u00a0 El gobernador de Kentucky <a href=\"https:\/\/sertv.gob.pa\/nacionalfm\/el-gobernador-de-kentucky-ee-uu-confirma-64-muertos-por-los-tornados-aunque-el-balance-sin-duda-aumentara\/\"> [&#8230;]<\/a><\/p>\n","protected":false},"author":9,"featured_media":76838,"comment_status":"closed","ping_status":"closed","sticky":false,"template":"","format":"standard","meta":{"footnotes":""},"categories":[3],"tags":[],"class_list":["post-76837","post","type-post","status-publish","format-standard","has-post-thumbnail","hentry","category-internacionales"],"_links":{"self":[{"href":"https:\/\/sertv.gob.pa\/nacionalfm\/wp-json\/wp\/v2\/posts\/76837","targetHints":{"allow":["GET"]}}],"collection":[{"href":"https:\/\/sertv.gob.pa\/nacionalfm\/wp-json\/wp\/v2\/posts"}],"about":[{"href":"https:\/\/sertv.gob.pa\/nacionalfm\/wp-json\/wp\/v2\/types\/post"}],"author":[{"embeddable":true,"href":"https:\/\/sertv.gob.pa\/nacionalfm\/wp-json\/wp\/v2\/users\/9"}],"replies":[{"embeddable":true,"href":"https:\/\/sertv.gob.pa\/nacionalfm\/wp-json\/wp\/v2\/comments?post=76837"}],"version-history":[{"count":1,"href":"https:\/\/sertv.gob.pa\/nacionalfm\/wp-json\/wp\/v2\/posts\/76837\/revisions"}],"predecessor-version":[{"id":76839,"href":"https:\/\/sertv.gob.pa\/nacionalfm\/wp-json\/wp\/v2\/posts\/76837\/revisions\/76839"}],"wp:featuredmedia":[{"embeddable":true,"href":"https:\/\/sertv.gob.pa\/nacionalfm\/wp-json\/wp\/v2\/media\/76838"}],"wp:attachment":[{"href":"https:\/\/sertv.gob.pa\/nacionalfm\/wp-json\/wp\/v2\/media?parent=76837"}],"wp:term":[{"taxonomy":"category","embeddable":true,"href":"https:\/\/sertv.gob.pa\/nacionalfm\/wp-json\/wp\/v2\/categories?post=76837"},{"taxonomy":"post_tag","embeddable":true,"href":"https:\/\/sertv.gob.pa\/nacionalfm\/wp-json\/wp\/v2\/tags?post=76837"}],"curies":[{"name":"wp","href":"https:\/\/api.w.org\/{rel}","templated":true}]}}