{"id":76897,"date":"2021-12-14T18:41:10","date_gmt":"2021-12-14T18:41:10","guid":{"rendered":"https:\/\/sertv.gob.pa\/nacionalfm\/?p=76897"},"modified":"2021-12-14T18:41:10","modified_gmt":"2021-12-14T18:41:10","slug":"una-nueva-erupcion-del-etna-paraliza-el-trafico-en-el-aeropuerto-de-catania","status":"publish","type":"post","link":"https:\/\/sertv.gob.pa\/nacionalfm\/una-nueva-erupcion-del-etna-paraliza-el-trafico-en-el-aeropuerto-de-catania\/","title":{"rendered":"Una nueva erupci\u00f3n del Etna paraliza el tr\u00e1fico en el aeropuerto de Catania"},"content":{"rendered":"<p><strong><em>MADRID, (EUROPA PRESS) \u2013<\/em><\/strong><\/p>\n<p><strong><em>\u00a0<\/em><\/strong><\/p>\n<p>Una nueva erupci\u00f3n del volc\u00e1n Etna, situado en la isla italiana de Sicilia, ha obligado a cerrar el espacio a\u00e9reo en toda la zona y a suspender las operaciones a\u00e9reas en el aeropuerto de Catania.<\/p>\n<p>\u00abNing\u00fan vuelo podr\u00e1 aterrizar o despegar\u00bb, ha informado el aer\u00f3dromo este martes, un d\u00eda despu\u00e9s de que el Etna entrase en erupci\u00f3n y comenzase a expulsar, adem\u00e1s de una peque\u00f1a colada de lava, humo y cenizas.<\/p>\n<p>El Instituto Nacional de Geof\u00edsica y Vulcanolog\u00eda (INGV) ha confirmado este martes en un comunicado actividad explosiva en el cr\u00e1ter sureste, as\u00ed como una \u00ababundante\u00bb emisi\u00f3n de cenizas.<\/p>\n<p>El Etna, una monta\u00f1a de 3.300 metros, ha encadenado varias erupciones en este \u00faltimo a\u00f1o, lo que lo mantiene como el volc\u00e1n m\u00e1s activo de la zona.<\/p>\n<p>&nbsp;<\/p>\n<p>Fuente: EUROPA PRESS<\/p>\n","protected":false},"excerpt":{"rendered":"<p>MADRID, (EUROPA PRESS) \u2013 \u00a0 Una nueva erupci\u00f3n del volc\u00e1n <a href=\"https:\/\/sertv.gob.pa\/nacionalfm\/una-nueva-erupcion-del-etna-paraliza-el-trafico-en-el-aeropuerto-de-catania\/\"> [&#8230;]<\/a><\/p>\n","protected":false},"author":9,"featured_media":76898,"comment_status":"closed","ping_status":"closed","sticky":false,"template":"","format":"standard","meta":{"footnotes":""},"categories":[3],"tags":[],"class_list":["post-76897","post","type-post","status-publish","format-standard","has-post-thumbnail","hentry","category-internacionales"],"_links":{"self":[{"href":"https:\/\/sertv.gob.pa\/nacionalfm\/wp-json\/wp\/v2\/posts\/76897","targetHints":{"allow":["GET"]}}],"collection":[{"href":"https:\/\/sertv.gob.pa\/nacionalfm\/wp-json\/wp\/v2\/posts"}],"about":[{"href":"https:\/\/sertv.gob.pa\/nacionalfm\/wp-json\/wp\/v2\/types\/post"}],"author":[{"embeddable":true,"href":"https:\/\/sertv.gob.pa\/nacionalfm\/wp-json\/wp\/v2\/users\/9"}],"replies":[{"embeddable":true,"href":"https:\/\/sertv.gob.pa\/nacionalfm\/wp-json\/wp\/v2\/comments?post=76897"}],"version-history":[{"count":1,"href":"https:\/\/sertv.gob.pa\/nacionalfm\/wp-json\/wp\/v2\/posts\/76897\/revisions"}],"predecessor-version":[{"id":76900,"href":"https:\/\/sertv.gob.pa\/nacionalfm\/wp-json\/wp\/v2\/posts\/76897\/revisions\/76900"}],"wp:featuredmedia":[{"embeddable":true,"href":"https:\/\/sertv.gob.pa\/nacionalfm\/wp-json\/wp\/v2\/media\/76898"}],"wp:attachment":[{"href":"https:\/\/sertv.gob.pa\/nacionalfm\/wp-json\/wp\/v2\/media?parent=76897"}],"wp:term":[{"taxonomy":"category","embeddable":true,"href":"https:\/\/sertv.gob.pa\/nacionalfm\/wp-json\/wp\/v2\/categories?post=76897"},{"taxonomy":"post_tag","embeddable":true,"href":"https:\/\/sertv.gob.pa\/nacionalfm\/wp-json\/wp\/v2\/tags?post=76897"}],"curies":[{"name":"wp","href":"https:\/\/api.w.org\/{rel}","templated":true}]}}