{"id":7691,"date":"2015-09-23T19:31:16","date_gmt":"2015-09-23T19:31:16","guid":{"rendered":""},"modified":"2015-09-23T19:31:16","modified_gmt":"2015-09-23T19:31:16","slug":"el-cancer-gastrico","status":"publish","type":"post","link":"https:\/\/sertv.gob.pa\/nacionalfm\/el-cancer-gastrico\/","title":{"rendered":"El c\u00e1ncer g\u00e1strico"},"content":{"rendered":"<p>\nEn el caso del  c\u00e1ncer de est\u00f3mago , por ejemplo, se desconoce con exactitud qu\u00e9 ocasiona el crecimiento de  c\u00e9lulas cancer\u00edgenas  en este \u00f3rgano que se encarga de la digesti\u00f3n de los alimentos. <\/p>\n<p>Sin embargo, la bacteria   Helicobacter pylori  es el principal factor de riesgo para la formaci\u00f3n de este mal al ser el 90% de los casos atribuidos a esta infecci\u00f3n, expres\u00f3 el m\u00e9dico radio-onc\u00f3logo Yassir Ruiz, del  Instituto Oncol\u00f3gico Nacional  (ION) en el marco de la  XVI Jornada Cient\u00edfica del Centro Hemato-Oncol\u00f3gico Panam\u00e1 , que este a\u00f1o tuvo como tema central Avances en el diagn\u00f3stico y tratamiento del c\u00e1ncer g\u00e1strico y de la uni\u00f3n gastroesof\u00e1gica. <\/p>\n<p>Otros factores de riesgo para desarrollar el  c\u00e1ncer estomacal  son: lesiones precursoras, tabaquismo, consumo de alcohol, obesidad, gen\u00e9tica, entre otros. <\/p>\n<p>Seg\u00fan la  Organizaci\u00f3n Mundial de la Salud , cada a\u00f1o cerca de 550 mil nuevos casos de  c\u00e1ncer de est\u00f3mago  son atribuibles a esta bacteria, que adem\u00e1s causa gastritis, as\u00ed como \u00falceras g\u00e1stricas y del duodeno. <\/p>\n<p>En varones, el  c\u00e1ncer g\u00e1strico  es el cuarto  tumor  m\u00e1s frecuente en el planeta, mientras que en la mujer el quinto con mayor incidencia, y se considera la tercera causa de fallecimiento por c\u00e1ncer en varones y la quinta en mujeres, se\u00f1al\u00f3 el doctor Ruiz. <\/p>\n<p> En Panam\u00e1, el c\u00e1ncer de est\u00f3mago es el cuarto tipo de c\u00e1ncer m\u00e1s atendido en el ION , seg\u00fan el  Departamento de Registros y Estad\u00edsticas de Salud  de esta entidad. <\/p>\n<p>Un estudio subregional efectuado en 2014 a  319 familias\u00a0 por el  Ministerio de Salud  y la  Asociaci\u00f3n Nacional contra el C\u00e1ncer  en Santiago y Son\u00e1,  Veraguas , encontr\u00f3 que el c\u00e1ncer g\u00e1strico fue el m\u00e1s frecuentemente reportado en el 40.9% de las familias encuestadas. <\/p>\n<p>Esa consulta revel\u00f3 que el 82% de los grupos familiares present\u00f3 tres o m\u00e1s factores de riesgo, como comer comida ahumada tres veces por semana (74%), ingesta de carnes rojas tres veces por semana (72%), comida salada (40%),  alcohol  (30%) e infecci\u00f3n por   Helicobacter pylori   (30%). <\/p>\n<p>\u00a0 <\/p>\n<p>\u00a0 <\/p>\n<p>\u00a0 <\/p>\n","protected":false},"excerpt":{"rendered":"<p>En el caso del c\u00e1ncer de est\u00f3mago , por ejemplo, <a href=\"https:\/\/sertv.gob.pa\/nacionalfm\/el-cancer-gastrico\/\"> [&#8230;]<\/a><\/p>\n","protected":false},"author":1,"featured_media":7692,"comment_status":"closed","ping_status":"closed","sticky":false,"template":"","format":"standard","meta":{"footnotes":""},"categories":[5],"tags":[],"class_list":["post-7691","post","type-post","status-publish","format-standard","has-post-thumbnail","hentry","category-salud"],"_links":{"self":[{"href":"https:\/\/sertv.gob.pa\/nacionalfm\/wp-json\/wp\/v2\/posts\/7691","targetHints":{"allow":["GET"]}}],"collection":[{"href":"https:\/\/sertv.gob.pa\/nacionalfm\/wp-json\/wp\/v2\/posts"}],"about":[{"href":"https:\/\/sertv.gob.pa\/nacionalfm\/wp-json\/wp\/v2\/types\/post"}],"author":[{"embeddable":true,"href":"https:\/\/sertv.gob.pa\/nacionalfm\/wp-json\/wp\/v2\/users\/1"}],"replies":[{"embeddable":true,"href":"https:\/\/sertv.gob.pa\/nacionalfm\/wp-json\/wp\/v2\/comments?post=7691"}],"version-history":[{"count":0,"href":"https:\/\/sertv.gob.pa\/nacionalfm\/wp-json\/wp\/v2\/posts\/7691\/revisions"}],"wp:featuredmedia":[{"embeddable":true,"href":"https:\/\/sertv.gob.pa\/nacionalfm\/wp-json\/wp\/v2\/media\/7692"}],"wp:attachment":[{"href":"https:\/\/sertv.gob.pa\/nacionalfm\/wp-json\/wp\/v2\/media?parent=7691"}],"wp:term":[{"taxonomy":"category","embeddable":true,"href":"https:\/\/sertv.gob.pa\/nacionalfm\/wp-json\/wp\/v2\/categories?post=7691"},{"taxonomy":"post_tag","embeddable":true,"href":"https:\/\/sertv.gob.pa\/nacionalfm\/wp-json\/wp\/v2\/tags?post=7691"}],"curies":[{"name":"wp","href":"https:\/\/api.w.org\/{rel}","templated":true}]}}