{"id":7695,"date":"2015-09-23T19:44:59","date_gmt":"2015-09-23T19:44:59","guid":{"rendered":""},"modified":"2015-09-23T19:44:59","modified_gmt":"2015-09-23T19:44:59","slug":"inseminacion-artificial-para-mujeres-de-mas-de-50-anos-es-autorizada","status":"publish","type":"post","link":"https:\/\/sertv.gob.pa\/nacionalfm\/inseminacion-artificial-para-mujeres-de-mas-de-50-anos-es-autorizada\/","title":{"rendered":"Inseminaci\u00f3n artificial para mujeres de m\u00e1s de 50 a\u00f1os es autorizada"},"content":{"rendered":"<p>\nEl Consejo Federal de Medicina (CFM), el colegio profesional que regula la actuaci\u00f3n de los m\u00e9dicos en Brasil, autoriz\u00f3 a los profesionales a ofrecer tratamientos de inseminaci\u00f3n artificial a mujeres con m\u00e1s de 50 a\u00f1os que deseen quedar embarazadas. <\/p>\n<p> El \u00f3rgano divulg\u00f3 una resoluci\u00f3n en la que deja sin efecto una anterior en la que desaconsejaba a los m\u00e9dicos a ofrecerle esa t\u00e9cnica de reproducci\u00f3n asistida a las mujeres mayores de 50 a\u00f1os.  <\/p>\n<p>La determinaci\u00f3n aclara, no obstante, que el procedimiento podr\u00e1 ser realizado siempre y cuando tanto el m\u00e9dico como la paciente asuman conjuntamente los riesgos. <\/p>\n<p> El Consejo desaconsejaba el procedimiento debido a que una cincuentenaria tiene elevadas posibilidades de dar a luz un hijo prematuro, de menos de un kilo de peso, adem\u00e1s de tener mayores probabilidades de sufrir de presi\u00f3n alta o diabetes durante el embarazo.  <\/p>\n<p>\u00a0 <\/p>\n<p>\u00a0 <\/p>\n<p>\u00a0 <\/p>\n","protected":false},"excerpt":{"rendered":"<p>El Consejo Federal de Medicina (CFM), el colegio profesional que <a href=\"https:\/\/sertv.gob.pa\/nacionalfm\/inseminacion-artificial-para-mujeres-de-mas-de-50-anos-es-autorizada\/\"> [&#8230;]<\/a><\/p>\n","protected":false},"author":1,"featured_media":7696,"comment_status":"closed","ping_status":"closed","sticky":false,"template":"","format":"standard","meta":{"footnotes":""},"categories":[5],"tags":[],"class_list":["post-7695","post","type-post","status-publish","format-standard","has-post-thumbnail","hentry","category-salud"],"_links":{"self":[{"href":"https:\/\/sertv.gob.pa\/nacionalfm\/wp-json\/wp\/v2\/posts\/7695","targetHints":{"allow":["GET"]}}],"collection":[{"href":"https:\/\/sertv.gob.pa\/nacionalfm\/wp-json\/wp\/v2\/posts"}],"about":[{"href":"https:\/\/sertv.gob.pa\/nacionalfm\/wp-json\/wp\/v2\/types\/post"}],"author":[{"embeddable":true,"href":"https:\/\/sertv.gob.pa\/nacionalfm\/wp-json\/wp\/v2\/users\/1"}],"replies":[{"embeddable":true,"href":"https:\/\/sertv.gob.pa\/nacionalfm\/wp-json\/wp\/v2\/comments?post=7695"}],"version-history":[{"count":0,"href":"https:\/\/sertv.gob.pa\/nacionalfm\/wp-json\/wp\/v2\/posts\/7695\/revisions"}],"wp:featuredmedia":[{"embeddable":true,"href":"https:\/\/sertv.gob.pa\/nacionalfm\/wp-json\/wp\/v2\/media\/7696"}],"wp:attachment":[{"href":"https:\/\/sertv.gob.pa\/nacionalfm\/wp-json\/wp\/v2\/media?parent=7695"}],"wp:term":[{"taxonomy":"category","embeddable":true,"href":"https:\/\/sertv.gob.pa\/nacionalfm\/wp-json\/wp\/v2\/categories?post=7695"},{"taxonomy":"post_tag","embeddable":true,"href":"https:\/\/sertv.gob.pa\/nacionalfm\/wp-json\/wp\/v2\/tags?post=7695"}],"curies":[{"name":"wp","href":"https:\/\/api.w.org\/{rel}","templated":true}]}}