{"id":77047,"date":"2021-12-17T18:48:28","date_gmt":"2021-12-17T18:48:28","guid":{"rendered":"https:\/\/sertv.gob.pa\/nacionalfm\/?p=77047"},"modified":"2021-12-17T21:25:45","modified_gmt":"2021-12-17T21:25:45","slug":"ascienden-a-24-los-muertos-y-mas-de-300-000-los-desplazados-por-el-tifon-rai-en-filipinas","status":"publish","type":"post","link":"https:\/\/sertv.gob.pa\/nacionalfm\/ascienden-a-24-los-muertos-y-mas-de-300-000-los-desplazados-por-el-tifon-rai-en-filipinas\/","title":{"rendered":"Ascienden a 24 los muertos y m\u00e1s de 300.000 los desplazados por el tif\u00f3n &#8216;Rai&#8217; en Filipinas"},"content":{"rendered":"<p>El tif\u00f3n &#8216;Rai&#8217;, tambi\u00e9n conocido como &#8216;Odette&#8217;, ha dejado al menos 24 muertos en la provincia de Negros Occidental y m\u00e1s de 300.000 desplazados tras tocar tierra en Filipinas, donde ha provocado fuertes lluvias y vientos.<\/p>\n<p>Una veintena de las v\u00edctimas mortales, entre las que se encuentra un ciudadano de nacionalidad surcoreana, se han registrado en la provincia central de Cebu, tal y como han confirmado las fuerzas de seguridad del pa\u00eds. La gobernadora provincial, Gwendolyn Garcia, ha declarado el estado de emergencia en el territorio, seg\u00fan informaciones del portal de noticias Rappler.<\/p>\n<p>El resto de fallecidos han sido notificados en Negros Occidental y otras tres provincias de la regi\u00f3n de Mindanao, en el sur de Filipinas. Adem\u00e1s, cinco millones de personas se han quedado sin corriente el\u00e9ctrica en todo el pa\u00eds.<\/p>\n<p>Por su parte, el gobernador de Negros Occidental, Eugenio Jose &#8216;Bong&#8217; Lacson, ha indicado este viernes que las fuerzas de seguridad se encuentran retirando escombros de las principales carreteras de la regi\u00f3n.<\/p>\n<p>Aunque el tif\u00f3n ha comenzado a perder fuerza esta ma\u00f1ana, ya son m\u00e1s de 330.000 las personas que han tenido que abandonar sus viviendas en el sur de Filipinas. La agencia nacional de gesti\u00f3n de desastres naturales ha indicado que, adem\u00e1s, varios r\u00edos se han desbordado, provocando graves inundaciones.<\/p>\n<p>Sin embargo, Lacson ha explicado que todo apunta a que Kabankalan se convertir\u00e1 en la zona m\u00e1s afectada. Mientras, el tif\u00f3n avanza hacia el oeste con vientos m\u00e1ximos de 155 kil\u00f3metros por hora y r\u00e1fagas que superan los 235 kil\u00f3metros por hora.<\/p>\n<p>M\u00e1s de 9 millones de personas viven en las zonas que podr\u00edan verse m\u00e1s afectadas por el temporal, 2,1 millones de ellas en una situaci\u00f3n especialmente, seg\u00fan una estimaci\u00f3n divulgada por la Oficina para la Coordinaci\u00f3n de Asuntos Humanitarios (OCHA) de Naciones Unidas.<\/p>\n<p>Una veintena de provincias est\u00e1n bajo alerta como medida de precauci\u00f3n y se ha suspendido el tr\u00e1fico mar\u00edtimo en la zona. Adem\u00e1s, la cancelaci\u00f3n de los vuelos en los principales aeropuertos del pa\u00eds ha afectado a unas 4.000 personas.<\/p>\n<p>Fuente: EUROPA PRESS<\/p>\n","protected":false},"excerpt":{"rendered":"<p>El tif\u00f3n &#8216;Rai&#8217;, tambi\u00e9n conocido como &#8216;Odette&#8217;, ha dejado al <a href=\"https:\/\/sertv.gob.pa\/nacionalfm\/ascienden-a-24-los-muertos-y-mas-de-300-000-los-desplazados-por-el-tifon-rai-en-filipinas\/\"> [&#8230;]<\/a><\/p>\n","protected":false},"author":9,"featured_media":77048,"comment_status":"closed","ping_status":"closed","sticky":false,"template":"","format":"standard","meta":{"footnotes":""},"categories":[3],"tags":[],"class_list":["post-77047","post","type-post","status-publish","format-standard","has-post-thumbnail","hentry","category-internacionales"],"_links":{"self":[{"href":"https:\/\/sertv.gob.pa\/nacionalfm\/wp-json\/wp\/v2\/posts\/77047","targetHints":{"allow":["GET"]}}],"collection":[{"href":"https:\/\/sertv.gob.pa\/nacionalfm\/wp-json\/wp\/v2\/posts"}],"about":[{"href":"https:\/\/sertv.gob.pa\/nacionalfm\/wp-json\/wp\/v2\/types\/post"}],"author":[{"embeddable":true,"href":"https:\/\/sertv.gob.pa\/nacionalfm\/wp-json\/wp\/v2\/users\/9"}],"replies":[{"embeddable":true,"href":"https:\/\/sertv.gob.pa\/nacionalfm\/wp-json\/wp\/v2\/comments?post=77047"}],"version-history":[{"count":1,"href":"https:\/\/sertv.gob.pa\/nacionalfm\/wp-json\/wp\/v2\/posts\/77047\/revisions"}],"predecessor-version":[{"id":77049,"href":"https:\/\/sertv.gob.pa\/nacionalfm\/wp-json\/wp\/v2\/posts\/77047\/revisions\/77049"}],"wp:featuredmedia":[{"embeddable":true,"href":"https:\/\/sertv.gob.pa\/nacionalfm\/wp-json\/wp\/v2\/media\/77048"}],"wp:attachment":[{"href":"https:\/\/sertv.gob.pa\/nacionalfm\/wp-json\/wp\/v2\/media?parent=77047"}],"wp:term":[{"taxonomy":"category","embeddable":true,"href":"https:\/\/sertv.gob.pa\/nacionalfm\/wp-json\/wp\/v2\/categories?post=77047"},{"taxonomy":"post_tag","embeddable":true,"href":"https:\/\/sertv.gob.pa\/nacionalfm\/wp-json\/wp\/v2\/tags?post=77047"}],"curies":[{"name":"wp","href":"https:\/\/api.w.org\/{rel}","templated":true}]}}