{"id":77089,"date":"2021-12-20T20:39:22","date_gmt":"2021-12-20T20:39:22","guid":{"rendered":"https:\/\/sertv.gob.pa\/nacionalfm\/?p=77089"},"modified":"2021-12-20T20:39:22","modified_gmt":"2021-12-20T20:39:22","slug":"al-menos-ocho-muertos-y-mas-de-50-000-desaparecidos-por-las-inundaciones-en-malasia","status":"publish","type":"post","link":"https:\/\/sertv.gob.pa\/nacionalfm\/al-menos-ocho-muertos-y-mas-de-50-000-desaparecidos-por-las-inundaciones-en-malasia\/","title":{"rendered":"Al menos ocho muertos y m\u00e1s de 50.000 desaparecidos por las inundaciones en Malasia"},"content":{"rendered":"<p><strong><em>MADRID, (EUROPA PRESS) \u2013<\/em><\/strong><\/p>\n<p>&nbsp;<\/p>\n<p>Al menos ocho personas han muerto y 50.000 han tenido que abandonar sus hogares por las inundaciones que han afectado a Malasia y que las autoridades han calificado como las peores de los \u00faltimos cien a\u00f1os.<\/p>\n<p>Los ocho fallecidos corresponden a la provincia de Selangor, que rodea la capital, Kuala Lumpur, seg\u00fan ha informado el peri\u00f3dico &#8216;The Star&#8217; citando al jefe provincial de la Polic\u00eda, Datuk Arjunaidi Mohamed. La cifra de v\u00edctimas mortales podr\u00eda aumentar y adem\u00e1s hay varias personas desaparecidas.<\/p>\n<p>Las lluvias han cesado este lunes, pero las autoridades han informado de 32.044 afectados que han tenido que ser realojados en 162 centros de acogida instalados en nueve distritos de Selangor. El distrito m\u00e1s afectado es el de Klang, con 18.858 personas acogidas.<\/p>\n<p>Adem\u00e1s hay ocho personas desaparecidas en Bentong y podr\u00edan haber sido arrastradas por las aguas torrenciales.<\/p>\n<p>Las de este fin de semana son ya las peores inundaciones que ha sufrido el pa\u00eds asi\u00e1tico en los \u00faltimos cien a\u00f1os. Las riadas han bloqueado carreteras, cortado el suministro de agua potable y paralizado otros transportes.<\/p>\n<p>\u00abLa lluvia anual en Kuala Lumpur es de 2.400 mil\u00edmetros de media, lo que significa que el dato de ayer (s\u00e1bado) supera la media de lluvia para un mes entero. Es algo que no se pod\u00eda esperar y que solo pasa una vez cada cien a\u00f1os\u00bb, ha explicado el secretario general del Ministerio de Aguas, Datuk Seri Zaini Ujang, citado por el diario &#8216;Malay Mail&#8217;.<\/p>\n<p>El primer ministro malasio, Ismail Sabri Yaakob, ha anunciado el despliegue de 66.000 polic\u00edas, militares y bomberos para responder a la emergencia, ya que hay muchos ciudadanos aislados o que no han podido llegar a los refugios habilitados.<\/p>\n<p>&nbsp;<\/p>\n<p>Fuente: EUROPA PRESS<\/p>\n","protected":false},"excerpt":{"rendered":"<p>MADRID, (EUROPA PRESS) \u2013 &nbsp; Al menos ocho personas han <a href=\"https:\/\/sertv.gob.pa\/nacionalfm\/al-menos-ocho-muertos-y-mas-de-50-000-desaparecidos-por-las-inundaciones-en-malasia\/\"> [&#8230;]<\/a><\/p>\n","protected":false},"author":9,"featured_media":77090,"comment_status":"closed","ping_status":"closed","sticky":false,"template":"","format":"standard","meta":{"footnotes":""},"categories":[3],"tags":[],"class_list":["post-77089","post","type-post","status-publish","format-standard","has-post-thumbnail","hentry","category-internacionales"],"_links":{"self":[{"href":"https:\/\/sertv.gob.pa\/nacionalfm\/wp-json\/wp\/v2\/posts\/77089","targetHints":{"allow":["GET"]}}],"collection":[{"href":"https:\/\/sertv.gob.pa\/nacionalfm\/wp-json\/wp\/v2\/posts"}],"about":[{"href":"https:\/\/sertv.gob.pa\/nacionalfm\/wp-json\/wp\/v2\/types\/post"}],"author":[{"embeddable":true,"href":"https:\/\/sertv.gob.pa\/nacionalfm\/wp-json\/wp\/v2\/users\/9"}],"replies":[{"embeddable":true,"href":"https:\/\/sertv.gob.pa\/nacionalfm\/wp-json\/wp\/v2\/comments?post=77089"}],"version-history":[{"count":1,"href":"https:\/\/sertv.gob.pa\/nacionalfm\/wp-json\/wp\/v2\/posts\/77089\/revisions"}],"predecessor-version":[{"id":77092,"href":"https:\/\/sertv.gob.pa\/nacionalfm\/wp-json\/wp\/v2\/posts\/77089\/revisions\/77092"}],"wp:featuredmedia":[{"embeddable":true,"href":"https:\/\/sertv.gob.pa\/nacionalfm\/wp-json\/wp\/v2\/media\/77090"}],"wp:attachment":[{"href":"https:\/\/sertv.gob.pa\/nacionalfm\/wp-json\/wp\/v2\/media?parent=77089"}],"wp:term":[{"taxonomy":"category","embeddable":true,"href":"https:\/\/sertv.gob.pa\/nacionalfm\/wp-json\/wp\/v2\/categories?post=77089"},{"taxonomy":"post_tag","embeddable":true,"href":"https:\/\/sertv.gob.pa\/nacionalfm\/wp-json\/wp\/v2\/tags?post=77089"}],"curies":[{"name":"wp","href":"https:\/\/api.w.org\/{rel}","templated":true}]}}