{"id":77139,"date":"2021-12-21T18:11:13","date_gmt":"2021-12-21T18:11:13","guid":{"rendered":"https:\/\/sertv.gob.pa\/nacionalfm\/?p=77139"},"modified":"2021-12-21T18:11:13","modified_gmt":"2021-12-21T18:11:13","slug":"la-ue-anuncia-17-millones-en-ayuda-de-emergencia-para-filipinas-por-el-tifon-rai","status":"publish","type":"post","link":"https:\/\/sertv.gob.pa\/nacionalfm\/la-ue-anuncia-17-millones-en-ayuda-de-emergencia-para-filipinas-por-el-tifon-rai\/","title":{"rendered":"La UE anuncia 1,7 millones en ayuda de emergencia para Filipinas por el tif\u00f3n &#8216;Rai&#8217;"},"content":{"rendered":"<p><strong><em>BRUSELAS, (EUROPA PRESS) &#8211;<\/em><\/strong><\/p>\n<p>La Uni\u00f3n Europea destinar\u00e1 1,7 millones de euros en fondos humanitarios para los afectados del tif\u00f3n Rai&#8217; en Filipinas, que ha dejado al menos 375 fallecidos y m\u00e1s de 1,8 millones de damnificados.<\/p>\n<p>La ayuda europea de emergencia se centrar\u00e1 en cubrir las necesidades inmediatas como la provisi\u00f3n de comida, agua y refugio adem\u00e1s de otros materiales de uso diario, seg\u00fan ha informado la Comisi\u00f3n Europea en un comunicado.<\/p>\n<p>\u00abLa UE est\u00e1 al lado del pueblo filipino en estos momentos dif\u00edciles y ha comenzado a proveer de ayuda de emergencia para aliviar la situaci\u00f3n de los afectados\u00bb, ha se\u00f1alado el comisario de Gesti\u00f3n de Crisis, Janez Lenarcic.<\/p>\n<p>A trav\u00e9s de socios humanitarios, el bloque europeo quiere fortalecer los sistemas sanitarios y promocionar las condiciones de higiene. Tambi\u00e9n se pondr\u00e1n en marcha transferencias directas para los afectados por el tif\u00f3n para apoyarles en un momento de desplazamiento interno.<\/p>\n<p>El tif\u00f3n azot\u00f3 Filipinas desde el jueves y hasta el s\u00e1bado con vientos de 195 kil\u00f3metros por hora. Ahora la Polic\u00eda se ha desplegado para garantizar la seguridad, en especial en supermercados, donde se est\u00e1n formando largas colas para adquirir suministros. En total las autoridades contabilizan 100.000 evacuados por el desastre natural que han sido ya acogidos en miles de centros en distintos puntos del archipi\u00e9lago.<\/p>\n<p>&nbsp;<\/p>\n<p>Fuente: EUROPA PRESS<\/p>\n","protected":false},"excerpt":{"rendered":"<p>BRUSELAS, (EUROPA PRESS) &#8211; La Uni\u00f3n Europea destinar\u00e1 1,7 millones <a href=\"https:\/\/sertv.gob.pa\/nacionalfm\/la-ue-anuncia-17-millones-en-ayuda-de-emergencia-para-filipinas-por-el-tifon-rai\/\"> [&#8230;]<\/a><\/p>\n","protected":false},"author":9,"featured_media":77140,"comment_status":"closed","ping_status":"closed","sticky":false,"template":"","format":"standard","meta":{"footnotes":""},"categories":[3],"tags":[],"class_list":["post-77139","post","type-post","status-publish","format-standard","has-post-thumbnail","hentry","category-internacionales"],"_links":{"self":[{"href":"https:\/\/sertv.gob.pa\/nacionalfm\/wp-json\/wp\/v2\/posts\/77139","targetHints":{"allow":["GET"]}}],"collection":[{"href":"https:\/\/sertv.gob.pa\/nacionalfm\/wp-json\/wp\/v2\/posts"}],"about":[{"href":"https:\/\/sertv.gob.pa\/nacionalfm\/wp-json\/wp\/v2\/types\/post"}],"author":[{"embeddable":true,"href":"https:\/\/sertv.gob.pa\/nacionalfm\/wp-json\/wp\/v2\/users\/9"}],"replies":[{"embeddable":true,"href":"https:\/\/sertv.gob.pa\/nacionalfm\/wp-json\/wp\/v2\/comments?post=77139"}],"version-history":[{"count":1,"href":"https:\/\/sertv.gob.pa\/nacionalfm\/wp-json\/wp\/v2\/posts\/77139\/revisions"}],"predecessor-version":[{"id":77141,"href":"https:\/\/sertv.gob.pa\/nacionalfm\/wp-json\/wp\/v2\/posts\/77139\/revisions\/77141"}],"wp:featuredmedia":[{"embeddable":true,"href":"https:\/\/sertv.gob.pa\/nacionalfm\/wp-json\/wp\/v2\/media\/77140"}],"wp:attachment":[{"href":"https:\/\/sertv.gob.pa\/nacionalfm\/wp-json\/wp\/v2\/media?parent=77139"}],"wp:term":[{"taxonomy":"category","embeddable":true,"href":"https:\/\/sertv.gob.pa\/nacionalfm\/wp-json\/wp\/v2\/categories?post=77139"},{"taxonomy":"post_tag","embeddable":true,"href":"https:\/\/sertv.gob.pa\/nacionalfm\/wp-json\/wp\/v2\/tags?post=77139"}],"curies":[{"name":"wp","href":"https:\/\/api.w.org\/{rel}","templated":true}]}}