{"id":77142,"date":"2021-12-21T18:19:33","date_gmt":"2021-12-21T18:19:33","guid":{"rendered":"https:\/\/sertv.gob.pa\/nacionalfm\/?p=77142"},"modified":"2021-12-21T18:19:33","modified_gmt":"2021-12-21T18:19:33","slug":"mueren-mas-de-160-migrantes-frente-a-las-costas-de-libia","status":"publish","type":"post","link":"https:\/\/sertv.gob.pa\/nacionalfm\/mueren-mas-de-160-migrantes-frente-a-las-costas-de-libia\/","title":{"rendered":"Mueren m\u00e1s de 160 migrantes frente a las costas de Libia"},"content":{"rendered":"<p><strong><em>MADRID, (EUROPA PRESS) \u2013<\/em><\/strong><\/p>\n<p><strong><em>\u00a0<\/em><\/strong><\/p>\n<p>Al menos 163 migrantes y refugiados han muerto como consecuencia de dos incidentes ocurridos la semana pasada frente a las costas de Libia, seg\u00fan la Organizaci\u00f3n Internacional para las Migraciones (OIM), que ha lamentado esta \u00abtragedia evitable\u00bb.<\/p>\n<p>El primero de los sucesos tuvo lugar el viernes, cuando 102 personas desaparecieron frente a la localidad de Surman, entre ellos dos ni\u00f1os. Sus cuerpos han comenzado a llegar a las costas del pa\u00eds norteafricano, ha informado la agencia de la ONU.<\/p>\n<p>Por otra parte, el s\u00e1bado se recuperaron 61 cad\u00e1veres en el mar, cerca de Sabratha, durante un operativo en el que unas 210 personas fueron devueltas a Libia, punto de partida de la mayor\u00eda de embarcaciones que intentan llegar de forma irregular a las costas del sur de Europa.<\/p>\n<p>El director general de la OIM, Ant\u00f3nio Vitorino, ha reclamado a los pa\u00edses mediterr\u00e1neos que adopten medidas \u00abinmediatamente\u00bb para \u00absalvar vidas e impedir que haya m\u00e1s muertes\u00bb. En lo que va de a\u00f1o, m\u00e1s de 1.500 personas han muerto s\u00f3lo en la zona central del Mediterr\u00e1neo.<\/p>\n<p>&nbsp;<\/p>\n<p>Fuente: EUROPA PRESS<\/p>\n","protected":false},"excerpt":{"rendered":"<p>MADRID, (EUROPA PRESS) \u2013 \u00a0 Al menos 163 migrantes y <a href=\"https:\/\/sertv.gob.pa\/nacionalfm\/mueren-mas-de-160-migrantes-frente-a-las-costas-de-libia\/\"> [&#8230;]<\/a><\/p>\n","protected":false},"author":9,"featured_media":77143,"comment_status":"closed","ping_status":"closed","sticky":false,"template":"","format":"standard","meta":{"footnotes":""},"categories":[3],"tags":[],"class_list":["post-77142","post","type-post","status-publish","format-standard","has-post-thumbnail","hentry","category-internacionales"],"_links":{"self":[{"href":"https:\/\/sertv.gob.pa\/nacionalfm\/wp-json\/wp\/v2\/posts\/77142","targetHints":{"allow":["GET"]}}],"collection":[{"href":"https:\/\/sertv.gob.pa\/nacionalfm\/wp-json\/wp\/v2\/posts"}],"about":[{"href":"https:\/\/sertv.gob.pa\/nacionalfm\/wp-json\/wp\/v2\/types\/post"}],"author":[{"embeddable":true,"href":"https:\/\/sertv.gob.pa\/nacionalfm\/wp-json\/wp\/v2\/users\/9"}],"replies":[{"embeddable":true,"href":"https:\/\/sertv.gob.pa\/nacionalfm\/wp-json\/wp\/v2\/comments?post=77142"}],"version-history":[{"count":1,"href":"https:\/\/sertv.gob.pa\/nacionalfm\/wp-json\/wp\/v2\/posts\/77142\/revisions"}],"predecessor-version":[{"id":77144,"href":"https:\/\/sertv.gob.pa\/nacionalfm\/wp-json\/wp\/v2\/posts\/77142\/revisions\/77144"}],"wp:featuredmedia":[{"embeddable":true,"href":"https:\/\/sertv.gob.pa\/nacionalfm\/wp-json\/wp\/v2\/media\/77143"}],"wp:attachment":[{"href":"https:\/\/sertv.gob.pa\/nacionalfm\/wp-json\/wp\/v2\/media?parent=77142"}],"wp:term":[{"taxonomy":"category","embeddable":true,"href":"https:\/\/sertv.gob.pa\/nacionalfm\/wp-json\/wp\/v2\/categories?post=77142"},{"taxonomy":"post_tag","embeddable":true,"href":"https:\/\/sertv.gob.pa\/nacionalfm\/wp-json\/wp\/v2\/tags?post=77142"}],"curies":[{"name":"wp","href":"https:\/\/api.w.org\/{rel}","templated":true}]}}