{"id":7721,"date":"2015-09-24T18:43:21","date_gmt":"2015-09-24T18:43:21","guid":{"rendered":""},"modified":"2015-09-24T18:43:21","modified_gmt":"2015-09-24T18:43:21","slug":"crisis-de-miopia","status":"publish","type":"post","link":"https:\/\/sertv.gob.pa\/nacionalfm\/crisis-de-miopia\/","title":{"rendered":"Crisis de miop\u00eda"},"content":{"rendered":"<p>\nAquel padecimiento ocular, que produce una visi\u00f3n borrosa de los objetos lejanos, afecta hoy al 90% de la poblaci\u00f3n adolescente y joven en China, donde seg\u00fan la revista Nature hace 60 a\u00f1os solo afectaba a un 20%. <\/p>\n<p>El Wall Street Journal tampoco duda en indicar que en Estados Unidos y Europa la cifra es parecida: al menos la mitad de la poblaci\u00f3n joven adulta la padece. <\/p>\n<p>Anteriormente se cre\u00eda que se trataba de un mal hereditario. Si los padres presentaban problemas de visi\u00f3n, entonces los hijos ser\u00edan propensos a sufrirlos. Pero actualmente, recientes estudios apuntan que el factor determinante no es hereditario, sino ambiental. <\/p>\n<p>El Instituto para la Visi\u00f3n Brien Holden, de Sidney (Australia) calcula que alrededor de un tercio de la poblaci\u00f3n mundial podr\u00eda ser miope cuando lleguemos al 2020. \u00bfQu\u00e9 factor ambiental es el que amenaza la visi\u00f3n de la generaci\u00f3n futura? <\/p>\n<p>En el Journal of the American Medical Association se public\u00f3 la semana pasada que los ni\u00f1os que pasan 40 minutos m\u00e1s tiempo al aire libre al d\u00eda, tienen menos probabilidades de ser diagnosticados con miop\u00eda. <\/p>\n<p>El oftalm\u00f3logo espa\u00f1ol Jos\u00e9 Manuel Ben\u00edtez del Castillo, secretario general de la Sociedad Espa\u00f1ola de Oftalmolog\u00eda se referir\u00eda a la luz natural como un elemento crucial en la actividad ocular. Cuando los ni\u00f1os est\u00e1n en penumbra &mdash;explicar\u00eda al diario El Pa\u00eds &mdash; disminuye la producci\u00f3n de dopamina, un neurotransmisor que produce las c\u00e9lulas de la retina. <\/p>\n<p>Aquello ocasiona debilidad en el esqueleto del ojo, provocando que el \u00f3rgano crezca m\u00e1s de lo normal y se vuelva miope. <\/p>\n<p>Mientras que para muchos no representa un problema de mayor gravedad, para otros pacientes la miop\u00eda podr\u00eda derivar en complicaciones m\u00e1s graves como cataratas en los ojos o hasta desprendimiento de la retina. <\/p>\n<p>\u00a0 <\/p>\n<p>\u00a0 <\/p>\n","protected":false},"excerpt":{"rendered":"<p>Aquel padecimiento ocular, que produce una visi\u00f3n borrosa de los <a href=\"https:\/\/sertv.gob.pa\/nacionalfm\/crisis-de-miopia\/\"> [&#8230;]<\/a><\/p>\n","protected":false},"author":1,"featured_media":7722,"comment_status":"closed","ping_status":"closed","sticky":false,"template":"","format":"standard","meta":{"footnotes":""},"categories":[5],"tags":[],"class_list":["post-7721","post","type-post","status-publish","format-standard","has-post-thumbnail","hentry","category-salud"],"_links":{"self":[{"href":"https:\/\/sertv.gob.pa\/nacionalfm\/wp-json\/wp\/v2\/posts\/7721","targetHints":{"allow":["GET"]}}],"collection":[{"href":"https:\/\/sertv.gob.pa\/nacionalfm\/wp-json\/wp\/v2\/posts"}],"about":[{"href":"https:\/\/sertv.gob.pa\/nacionalfm\/wp-json\/wp\/v2\/types\/post"}],"author":[{"embeddable":true,"href":"https:\/\/sertv.gob.pa\/nacionalfm\/wp-json\/wp\/v2\/users\/1"}],"replies":[{"embeddable":true,"href":"https:\/\/sertv.gob.pa\/nacionalfm\/wp-json\/wp\/v2\/comments?post=7721"}],"version-history":[{"count":0,"href":"https:\/\/sertv.gob.pa\/nacionalfm\/wp-json\/wp\/v2\/posts\/7721\/revisions"}],"wp:featuredmedia":[{"embeddable":true,"href":"https:\/\/sertv.gob.pa\/nacionalfm\/wp-json\/wp\/v2\/media\/7722"}],"wp:attachment":[{"href":"https:\/\/sertv.gob.pa\/nacionalfm\/wp-json\/wp\/v2\/media?parent=7721"}],"wp:term":[{"taxonomy":"category","embeddable":true,"href":"https:\/\/sertv.gob.pa\/nacionalfm\/wp-json\/wp\/v2\/categories?post=7721"},{"taxonomy":"post_tag","embeddable":true,"href":"https:\/\/sertv.gob.pa\/nacionalfm\/wp-json\/wp\/v2\/tags?post=7721"}],"curies":[{"name":"wp","href":"https:\/\/api.w.org\/{rel}","templated":true}]}}