{"id":77336,"date":"2021-12-27T18:52:37","date_gmt":"2021-12-27T18:52:37","guid":{"rendered":"https:\/\/sertv.gob.pa\/nacionalfm\/?p=77336"},"modified":"2021-12-27T18:57:08","modified_gmt":"2021-12-27T18:57:08","slug":"al-menos-siete-muertos-y-20-heridos-despues-de-que-un-autobus-cayera-por-un-precipicio-en-antioquia","status":"publish","type":"post","link":"https:\/\/sertv.gob.pa\/nacionalfm\/al-menos-siete-muertos-y-20-heridos-despues-de-que-un-autobus-cayera-por-un-precipicio-en-antioquia\/","title":{"rendered":"Al menos siete muertos y 20 heridos despu\u00e9s de que un autob\u00fas cayera por un precipicio en Antioquia"},"content":{"rendered":"<p><strong><em>MADRID, (EUROPA PRESS) \u2013<\/em><\/strong><\/p>\n<p><strong><em>\u00a0<\/em><\/strong><\/p>\n<p>Al menos siete personas han muerto y otras 20 han resultado heridas en un accidente de autob\u00fas en el departamento colombiano de Antioquia que se ha ca\u00eddo por un precipicio en la autopista Medell\u00edn-Bogot\u00e1.<\/p>\n<p>Las primeras informaciones apuntan a que el accidente ha tenido lugar de madrugada, cuando el veh\u00edculo se ha despe\u00f1ado a la altura de la jurisdicci\u00f3n de San Luis. El balance preliminar apunta que 20 personas han resultados heridas, de las cuales ocho se encuentran en estado muy grave y se encuentran en hospitales de la zona.<\/p>\n<p>Otras 13 personas han resultado heridas tras el accidente, mientras que los servicios de emergencia contin\u00faan trabajando en el lugar, informa Blu Radio.<\/p>\n<p>Por el momento se desconocen las causas del accidente, y ya se ha abierto una investigaci\u00f3n para determinarlas. La informaci\u00f3n preliminar se\u00f1ala que el conductor del veh\u00edculo estar\u00eda entre los fallecidos en el accidente.<\/p>\n<p>&nbsp;<\/p>\n<p>Fuente: EUROPA PRESS<\/p>\n","protected":false},"excerpt":{"rendered":"<p>MADRID, (EUROPA PRESS) \u2013 \u00a0 Al menos siete personas han <a href=\"https:\/\/sertv.gob.pa\/nacionalfm\/al-menos-siete-muertos-y-20-heridos-despues-de-que-un-autobus-cayera-por-un-precipicio-en-antioquia\/\"> [&#8230;]<\/a><\/p>\n","protected":false},"author":9,"featured_media":77337,"comment_status":"closed","ping_status":"closed","sticky":false,"template":"","format":"standard","meta":{"footnotes":""},"categories":[3],"tags":[],"class_list":["post-77336","post","type-post","status-publish","format-standard","has-post-thumbnail","hentry","category-internacionales"],"_links":{"self":[{"href":"https:\/\/sertv.gob.pa\/nacionalfm\/wp-json\/wp\/v2\/posts\/77336","targetHints":{"allow":["GET"]}}],"collection":[{"href":"https:\/\/sertv.gob.pa\/nacionalfm\/wp-json\/wp\/v2\/posts"}],"about":[{"href":"https:\/\/sertv.gob.pa\/nacionalfm\/wp-json\/wp\/v2\/types\/post"}],"author":[{"embeddable":true,"href":"https:\/\/sertv.gob.pa\/nacionalfm\/wp-json\/wp\/v2\/users\/9"}],"replies":[{"embeddable":true,"href":"https:\/\/sertv.gob.pa\/nacionalfm\/wp-json\/wp\/v2\/comments?post=77336"}],"version-history":[{"count":2,"href":"https:\/\/sertv.gob.pa\/nacionalfm\/wp-json\/wp\/v2\/posts\/77336\/revisions"}],"predecessor-version":[{"id":77339,"href":"https:\/\/sertv.gob.pa\/nacionalfm\/wp-json\/wp\/v2\/posts\/77336\/revisions\/77339"}],"wp:featuredmedia":[{"embeddable":true,"href":"https:\/\/sertv.gob.pa\/nacionalfm\/wp-json\/wp\/v2\/media\/77337"}],"wp:attachment":[{"href":"https:\/\/sertv.gob.pa\/nacionalfm\/wp-json\/wp\/v2\/media?parent=77336"}],"wp:term":[{"taxonomy":"category","embeddable":true,"href":"https:\/\/sertv.gob.pa\/nacionalfm\/wp-json\/wp\/v2\/categories?post=77336"},{"taxonomy":"post_tag","embeddable":true,"href":"https:\/\/sertv.gob.pa\/nacionalfm\/wp-json\/wp\/v2\/tags?post=77336"}],"curies":[{"name":"wp","href":"https:\/\/api.w.org\/{rel}","templated":true}]}}