{"id":7755,"date":"2015-09-25T19:50:52","date_gmt":"2015-09-25T19:50:52","guid":{"rendered":""},"modified":"2015-09-25T19:50:52","modified_gmt":"2015-09-25T19:50:52","slug":"comer-por-dos-no-es-necesario-en-mujeres-embarazadas","status":"publish","type":"post","link":"https:\/\/sertv.gob.pa\/nacionalfm\/comer-por-dos-no-es-necesario-en-mujeres-embarazadas\/","title":{"rendered":"\u00abComer por dos\u201d no es necesario en mujeres embarazadas"},"content":{"rendered":"<p>\nDe acuerdo a un estudio australiano publicado en el d\u00eda de hoy, las embarazadas conservan energ\u00eda adicional y extraen m\u00e1s calor\u00edas de los alimentos sin tener que ingerir m\u00e1s, lo que contradice la creencia de que las gestantes deben \u00abcomer por dos&rdquo;. <\/p>\n<p>\u00abEstos hallazgos sugieren la necesidad de hacer una nueva evaluaci\u00f3n a los consejos nutricionales que se dan a las mujeres embarazadas\u00bb, expres\u00f3 el l\u00edder de esta investigaci\u00f3n, Tony O&#8217;Sullivan, de la Universidad de Nueva Gales del Sur (UNSW, siglas en ingl\u00e9s). <\/p>\n<p>El experto asimismo remarc\u00f3 la necesidad de tener una dieta equilibrada y recomend\u00f3 evaluar las recomendaciones que se dan a las madres gestantes para que ingieran alimentos energ\u00e9ticos, seg\u00fan un comunicado de la UNSW.. <\/p>\n<p>Un exceso de peso durante el embarazo puede traer complicaciones como la diabetes, la preeclampsia y una mayor predisposici\u00f3n a enfermedades card\u00edacas en beb\u00e9, seg\u00fan el estudio. <\/p>\n","protected":false},"excerpt":{"rendered":"<p>De acuerdo a un estudio australiano publicado en el d\u00eda <a href=\"https:\/\/sertv.gob.pa\/nacionalfm\/comer-por-dos-no-es-necesario-en-mujeres-embarazadas\/\"> [&#8230;]<\/a><\/p>\n","protected":false},"author":1,"featured_media":7756,"comment_status":"closed","ping_status":"closed","sticky":false,"template":"","format":"standard","meta":{"footnotes":""},"categories":[5],"tags":[],"class_list":["post-7755","post","type-post","status-publish","format-standard","has-post-thumbnail","hentry","category-salud"],"_links":{"self":[{"href":"https:\/\/sertv.gob.pa\/nacionalfm\/wp-json\/wp\/v2\/posts\/7755","targetHints":{"allow":["GET"]}}],"collection":[{"href":"https:\/\/sertv.gob.pa\/nacionalfm\/wp-json\/wp\/v2\/posts"}],"about":[{"href":"https:\/\/sertv.gob.pa\/nacionalfm\/wp-json\/wp\/v2\/types\/post"}],"author":[{"embeddable":true,"href":"https:\/\/sertv.gob.pa\/nacionalfm\/wp-json\/wp\/v2\/users\/1"}],"replies":[{"embeddable":true,"href":"https:\/\/sertv.gob.pa\/nacionalfm\/wp-json\/wp\/v2\/comments?post=7755"}],"version-history":[{"count":0,"href":"https:\/\/sertv.gob.pa\/nacionalfm\/wp-json\/wp\/v2\/posts\/7755\/revisions"}],"wp:featuredmedia":[{"embeddable":true,"href":"https:\/\/sertv.gob.pa\/nacionalfm\/wp-json\/wp\/v2\/media\/7756"}],"wp:attachment":[{"href":"https:\/\/sertv.gob.pa\/nacionalfm\/wp-json\/wp\/v2\/media?parent=7755"}],"wp:term":[{"taxonomy":"category","embeddable":true,"href":"https:\/\/sertv.gob.pa\/nacionalfm\/wp-json\/wp\/v2\/categories?post=7755"},{"taxonomy":"post_tag","embeddable":true,"href":"https:\/\/sertv.gob.pa\/nacionalfm\/wp-json\/wp\/v2\/tags?post=7755"}],"curies":[{"name":"wp","href":"https:\/\/api.w.org\/{rel}","templated":true}]}}