{"id":7757,"date":"2015-09-25T20:06:56","date_gmt":"2015-09-25T20:06:56","guid":{"rendered":""},"modified":"2015-09-25T20:06:56","modified_gmt":"2015-09-25T20:06:56","slug":"vertedero-de-penonome-grave-problema-de-salud-publica","status":"publish","type":"post","link":"https:\/\/sertv.gob.pa\/nacionalfm\/vertedero-de-penonome-grave-problema-de-salud-publica\/","title":{"rendered":"Vertedero de Penonom\u00e9,  grave problema de salud p\u00fablica"},"content":{"rendered":"<p>\nEl deplorable estado del vertedero de Penonom\u00e9 desde hace meses se ha convertido en un grave problema de salud p\u00fablica y, a pesar de los esfuerzos, este colaps\u00f3 y ya no cabe ni una tonelada m\u00e1s de basura. <\/p>\n<p>Los residentes de El Coco en Penonom\u00e9 y Miraflores est\u00e1n desesperados y hasta aseguran sentirse decepcionados porque este vertedero cada d\u00eda est\u00e1 en peor situaci\u00f3n. <\/p>\n<p>Al igual que S\u00e1enz, otros residentes de El Coco y Miraflores aseguran que es lamentable que este vertedero cada d\u00eda est\u00e9 en una situaci\u00f3n tan lamentable, mientras que no se fumiga y mucho menos se entierra la basura, lo que va en contra de la salud de la poblaci\u00f3n. <\/p>\n<p>Yanetza Vald\u00e9s, residente de Miraflores, indic\u00f3 que ellos sienten que nadie busca una soluci\u00f3n real al problema porque de este vertedero hasta se ha extra\u00eddo arena en grandes cantidades y todav\u00eda se sigue depositando la basura de manera desordenada y ellos no ven ni siquiera operativos de fumigaci\u00f3n. <\/p>\n<p>El alcalde de Penonom\u00e9, Agust\u00edn M\u00e9ndez, manifest\u00f3 que se ha reunido en varias ocasiones con representantes de la Autoridad de Aseo para buscar una soluci\u00f3n al problema que realmente afecta a la poblaci\u00f3n y es por lo que est\u00e1 en espera de que se inicien los trabajos de excavaci\u00f3n para nuevas trincheras y enterrar la basura, y con el equipo que aporte la Autoridad de Aseo, mantener en mejor estado el vertedero. <\/p>\n<p>\u00a0 <\/p>\n","protected":false},"excerpt":{"rendered":"<p>El deplorable estado del vertedero de Penonom\u00e9 desde hace meses <a href=\"https:\/\/sertv.gob.pa\/nacionalfm\/vertedero-de-penonome-grave-problema-de-salud-publica\/\"> [&#8230;]<\/a><\/p>\n","protected":false},"author":1,"featured_media":7758,"comment_status":"closed","ping_status":"closed","sticky":false,"template":"","format":"standard","meta":{"footnotes":""},"categories":[5],"tags":[],"class_list":["post-7757","post","type-post","status-publish","format-standard","has-post-thumbnail","hentry","category-salud"],"_links":{"self":[{"href":"https:\/\/sertv.gob.pa\/nacionalfm\/wp-json\/wp\/v2\/posts\/7757","targetHints":{"allow":["GET"]}}],"collection":[{"href":"https:\/\/sertv.gob.pa\/nacionalfm\/wp-json\/wp\/v2\/posts"}],"about":[{"href":"https:\/\/sertv.gob.pa\/nacionalfm\/wp-json\/wp\/v2\/types\/post"}],"author":[{"embeddable":true,"href":"https:\/\/sertv.gob.pa\/nacionalfm\/wp-json\/wp\/v2\/users\/1"}],"replies":[{"embeddable":true,"href":"https:\/\/sertv.gob.pa\/nacionalfm\/wp-json\/wp\/v2\/comments?post=7757"}],"version-history":[{"count":0,"href":"https:\/\/sertv.gob.pa\/nacionalfm\/wp-json\/wp\/v2\/posts\/7757\/revisions"}],"wp:featuredmedia":[{"embeddable":true,"href":"https:\/\/sertv.gob.pa\/nacionalfm\/wp-json\/wp\/v2\/media\/7758"}],"wp:attachment":[{"href":"https:\/\/sertv.gob.pa\/nacionalfm\/wp-json\/wp\/v2\/media?parent=7757"}],"wp:term":[{"taxonomy":"category","embeddable":true,"href":"https:\/\/sertv.gob.pa\/nacionalfm\/wp-json\/wp\/v2\/categories?post=7757"},{"taxonomy":"post_tag","embeddable":true,"href":"https:\/\/sertv.gob.pa\/nacionalfm\/wp-json\/wp\/v2\/tags?post=7757"}],"curies":[{"name":"wp","href":"https:\/\/api.w.org\/{rel}","templated":true}]}}