{"id":777,"date":"2014-08-05T05:00:00","date_gmt":"2014-08-05T05:00:00","guid":{"rendered":""},"modified":"2014-08-05T05:00:00","modified_gmt":"2014-08-05T05:00:00","slug":"en-africa-ascienden-a-887-los-fallecidos-por-ebola","status":"publish","type":"post","link":"https:\/\/sertv.gob.pa\/nacionalfm\/en-africa-ascienden-a-887-los-fallecidos-por-ebola\/","title":{"rendered":"En \u00c1frica ascienden a 887 los fallecidos por \u00e9b\u00f3la"},"content":{"rendered":"<p>\nLas  autoridades nigerianas  anunciaron un segundo caso de \u00e9bola en la naci\u00f3n m\u00e1s populosa de  \u00c1frica,  mientras que la  OMS  report\u00f3 que la cifra de decesos por el virus en disintos pa\u00edses del continente aument\u00f3 de 150 a 887. <\/p>\n<p>La mayor\u00eda de los nuevos casos se registraron en  Liberia , donde las autoridades ordenaron que todas los que mueran de \u00e9bola sean cremados luego de que los pobladores se resistieron a que los cad\u00e1veres fueran inhumados en las cercan\u00edas. Durante el fin de semana, un grupo de personas trataron de impedir que las autoridades sanitarias enterraran 22 cad\u00e1veres en las afueras de la capital, Monrovia. <\/p>\n<p> La Organizaci\u00f3n Mundial   de la Salud  anunci\u00f3 que la cifra de muertos aument\u00f3 de 729 a 887 en  Guinea, Sierra Leona, Liberia y Nigeria.  <\/p>\n<p>El  ministro de Salud nigeriano Onyebuchi Chukwu  expres\u00f3 que el segundo caso confirmado en su pa\u00eds es un m\u00e9dico que hab\u00eda ayudado a atender a  Patrick Sawyer , el hombre liberiano-estadounidense que falleci\u00f3 el 25 de julio d\u00edas despu\u00e9s de arribar a Nigeria procedente de Liberia. <\/p>\n<p>Todav\u00eda se esperan resultados de pruebas efectuadas a otras tres personas que igualmente atendieron a Sawyer y no han mostrado s\u00edntomas de \u00e9bola, a\u00f1adi\u00f3. Las autoridades tratan de encontrar y poner en cuarentena a otros.\u00a0 @nacionalFm <\/p>\n<p>\u00a0 <\/p>\n","protected":false},"excerpt":{"rendered":"<p>Las autoridades nigerianas anunciaron un segundo caso de \u00e9bola en <a href=\"https:\/\/sertv.gob.pa\/nacionalfm\/en-africa-ascienden-a-887-los-fallecidos-por-ebola\/\"> [&#8230;]<\/a><\/p>\n","protected":false},"author":1,"featured_media":778,"comment_status":"closed","ping_status":"closed","sticky":false,"template":"","format":"standard","meta":{"footnotes":""},"categories":[5],"tags":[],"class_list":["post-777","post","type-post","status-publish","format-standard","has-post-thumbnail","hentry","category-salud"],"_links":{"self":[{"href":"https:\/\/sertv.gob.pa\/nacionalfm\/wp-json\/wp\/v2\/posts\/777","targetHints":{"allow":["GET"]}}],"collection":[{"href":"https:\/\/sertv.gob.pa\/nacionalfm\/wp-json\/wp\/v2\/posts"}],"about":[{"href":"https:\/\/sertv.gob.pa\/nacionalfm\/wp-json\/wp\/v2\/types\/post"}],"author":[{"embeddable":true,"href":"https:\/\/sertv.gob.pa\/nacionalfm\/wp-json\/wp\/v2\/users\/1"}],"replies":[{"embeddable":true,"href":"https:\/\/sertv.gob.pa\/nacionalfm\/wp-json\/wp\/v2\/comments?post=777"}],"version-history":[{"count":0,"href":"https:\/\/sertv.gob.pa\/nacionalfm\/wp-json\/wp\/v2\/posts\/777\/revisions"}],"wp:featuredmedia":[{"embeddable":true,"href":"https:\/\/sertv.gob.pa\/nacionalfm\/wp-json\/wp\/v2\/media\/778"}],"wp:attachment":[{"href":"https:\/\/sertv.gob.pa\/nacionalfm\/wp-json\/wp\/v2\/media?parent=777"}],"wp:term":[{"taxonomy":"category","embeddable":true,"href":"https:\/\/sertv.gob.pa\/nacionalfm\/wp-json\/wp\/v2\/categories?post=777"},{"taxonomy":"post_tag","embeddable":true,"href":"https:\/\/sertv.gob.pa\/nacionalfm\/wp-json\/wp\/v2\/tags?post=777"}],"curies":[{"name":"wp","href":"https:\/\/api.w.org\/{rel}","templated":true}]}}