{"id":77748,"date":"2022-01-07T15:31:37","date_gmt":"2022-01-07T15:31:37","guid":{"rendered":"https:\/\/sertv.gob.pa\/nacionalfm\/?p=77748"},"modified":"2022-01-07T15:31:37","modified_gmt":"2022-01-07T15:31:37","slug":"equipo-de-salud-realiza-gira-integral-a-isla-chepillo-en-chepo","status":"publish","type":"post","link":"https:\/\/sertv.gob.pa\/nacionalfm\/equipo-de-salud-realiza-gira-integral-a-isla-chepillo-en-chepo\/","title":{"rendered":"Equipo de salud, realiza gira integral a Isla Chepillo en Chepo"},"content":{"rendered":"<p>El d\u00eda jueves, 6 de enero de 2022, \u00a0el\u00a0 equipo regional de salud de Panam\u00e1 Este, efectu\u00f3 una gira integral de salud a\u00a0la Isla Chepillo en el distrito de Chepo, beneficiando a 70 adultos mayores y dando seguimiento cl\u00ednico a aquellos con\u00a0enfermedades cr\u00f3nicas como: hipertensi\u00f3n arterial, diabetes tipo 2 y pacientes con secuelas de COVID-19, dispensando adem\u00e1s 234 medicamentos.<\/p>\n<p>Esta actividad, se desarroll\u00f3\u00a0en coordinaci\u00f3n con autoridades locales de la junta comunal. Se continuar\u00e1\u00a0llevando atenci\u00f3n cl\u00ednica a todas las \u00e1reas de dif\u00edcil acceso, principalmente en este per\u00edodo de aumentos de casos por COVID-19, se\u00f1al\u00f3 Carlos Batista, Director Regional de Salud de Panam\u00e1 Este.<\/p>\n<p>&nbsp;<\/p>\n<p>Fuente: MINSA<\/p>\n","protected":false},"excerpt":{"rendered":"<p>El d\u00eda jueves, 6 de enero de 2022, \u00a0el\u00a0 equipo <a href=\"https:\/\/sertv.gob.pa\/nacionalfm\/equipo-de-salud-realiza-gira-integral-a-isla-chepillo-en-chepo\/\"> [&#8230;]<\/a><\/p>\n","protected":false},"author":9,"featured_media":77749,"comment_status":"closed","ping_status":"closed","sticky":false,"template":"","format":"standard","meta":{"footnotes":""},"categories":[5],"tags":[],"class_list":["post-77748","post","type-post","status-publish","format-standard","has-post-thumbnail","hentry","category-salud"],"_links":{"self":[{"href":"https:\/\/sertv.gob.pa\/nacionalfm\/wp-json\/wp\/v2\/posts\/77748","targetHints":{"allow":["GET"]}}],"collection":[{"href":"https:\/\/sertv.gob.pa\/nacionalfm\/wp-json\/wp\/v2\/posts"}],"about":[{"href":"https:\/\/sertv.gob.pa\/nacionalfm\/wp-json\/wp\/v2\/types\/post"}],"author":[{"embeddable":true,"href":"https:\/\/sertv.gob.pa\/nacionalfm\/wp-json\/wp\/v2\/users\/9"}],"replies":[{"embeddable":true,"href":"https:\/\/sertv.gob.pa\/nacionalfm\/wp-json\/wp\/v2\/comments?post=77748"}],"version-history":[{"count":1,"href":"https:\/\/sertv.gob.pa\/nacionalfm\/wp-json\/wp\/v2\/posts\/77748\/revisions"}],"predecessor-version":[{"id":77751,"href":"https:\/\/sertv.gob.pa\/nacionalfm\/wp-json\/wp\/v2\/posts\/77748\/revisions\/77751"}],"wp:featuredmedia":[{"embeddable":true,"href":"https:\/\/sertv.gob.pa\/nacionalfm\/wp-json\/wp\/v2\/media\/77749"}],"wp:attachment":[{"href":"https:\/\/sertv.gob.pa\/nacionalfm\/wp-json\/wp\/v2\/media?parent=77748"}],"wp:term":[{"taxonomy":"category","embeddable":true,"href":"https:\/\/sertv.gob.pa\/nacionalfm\/wp-json\/wp\/v2\/categories?post=77748"},{"taxonomy":"post_tag","embeddable":true,"href":"https:\/\/sertv.gob.pa\/nacionalfm\/wp-json\/wp\/v2\/tags?post=77748"}],"curies":[{"name":"wp","href":"https:\/\/api.w.org\/{rel}","templated":true}]}}