{"id":779,"date":"2014-08-05T05:00:00","date_gmt":"2014-08-05T05:00:00","guid":{"rendered":""},"modified":"2014-08-05T05:00:00","modified_gmt":"2014-08-05T05:00:00","slug":"equipo-de-expertos-para-combatir-ebola-sera-enviado-por-eu","status":"publish","type":"post","link":"https:\/\/sertv.gob.pa\/nacionalfm\/equipo-de-expertos-para-combatir-ebola-sera-enviado-por-eu\/","title":{"rendered":"Equipo de expertos para combatir \u00e9bola ser\u00e1 enviado por EU"},"content":{"rendered":"<p>\nUn funcionario de salud de Estados Unidos anunci\u00f3 que su pa\u00eds enviar\u00e1 cerca de 50 expertos sanitarios a \u00c1frica Occidental en el pr\u00f3ximo mes para abordar el brote de \u00e9bola, el m\u00e1s grave hasta el momento. <\/p>\n<p>Thomas Frieden, director del Centro para el Control y Prevenci\u00f3n de las Enfermedades, indic\u00f3 que el \u00e9bola est\u00e1 ahora mismo fuera de control, pero que puede ser detenido si se adopta una serie de medidas de salud b\u00e1sicas. <\/p>\n<p>El virus ocasion\u00f3 el fallecimiento de m\u00e1s de 700 personas este a\u00f1o en Guinea Conakry, Sierra Leona y Liberia. <\/p>\n<p>Frieden dio a conocer que el m\u00e9dico estadounidense contagiado con la enfermedad, que fue trasladado de vuelta a EE.UU. desde Liberia para su tratamiento, parece estar mejorando.\u00a0 @nacionalFm <\/p>\n<p>\u00a0 <\/p>\n","protected":false},"excerpt":{"rendered":"<p>Un funcionario de salud de Estados Unidos anunci\u00f3 que su <a href=\"https:\/\/sertv.gob.pa\/nacionalfm\/equipo-de-expertos-para-combatir-ebola-sera-enviado-por-eu\/\"> [&#8230;]<\/a><\/p>\n","protected":false},"author":1,"featured_media":780,"comment_status":"closed","ping_status":"closed","sticky":false,"template":"","format":"standard","meta":{"footnotes":""},"categories":[5],"tags":[],"class_list":["post-779","post","type-post","status-publish","format-standard","has-post-thumbnail","hentry","category-salud"],"_links":{"self":[{"href":"https:\/\/sertv.gob.pa\/nacionalfm\/wp-json\/wp\/v2\/posts\/779","targetHints":{"allow":["GET"]}}],"collection":[{"href":"https:\/\/sertv.gob.pa\/nacionalfm\/wp-json\/wp\/v2\/posts"}],"about":[{"href":"https:\/\/sertv.gob.pa\/nacionalfm\/wp-json\/wp\/v2\/types\/post"}],"author":[{"embeddable":true,"href":"https:\/\/sertv.gob.pa\/nacionalfm\/wp-json\/wp\/v2\/users\/1"}],"replies":[{"embeddable":true,"href":"https:\/\/sertv.gob.pa\/nacionalfm\/wp-json\/wp\/v2\/comments?post=779"}],"version-history":[{"count":0,"href":"https:\/\/sertv.gob.pa\/nacionalfm\/wp-json\/wp\/v2\/posts\/779\/revisions"}],"wp:featuredmedia":[{"embeddable":true,"href":"https:\/\/sertv.gob.pa\/nacionalfm\/wp-json\/wp\/v2\/media\/780"}],"wp:attachment":[{"href":"https:\/\/sertv.gob.pa\/nacionalfm\/wp-json\/wp\/v2\/media?parent=779"}],"wp:term":[{"taxonomy":"category","embeddable":true,"href":"https:\/\/sertv.gob.pa\/nacionalfm\/wp-json\/wp\/v2\/categories?post=779"},{"taxonomy":"post_tag","embeddable":true,"href":"https:\/\/sertv.gob.pa\/nacionalfm\/wp-json\/wp\/v2\/tags?post=779"}],"curies":[{"name":"wp","href":"https:\/\/api.w.org\/{rel}","templated":true}]}}