{"id":7825,"date":"2015-09-29T18:42:10","date_gmt":"2015-09-29T18:42:10","guid":{"rendered":""},"modified":"2015-09-29T18:42:10","modified_gmt":"2015-09-29T18:42:10","slug":"no-se-detecta-mejor-el-cancer-de-mama-con-computadoras","status":"publish","type":"post","link":"https:\/\/sertv.gob.pa\/nacionalfm\/no-se-detecta-mejor-el-cancer-de-mama-con-computadoras\/","title":{"rendered":"No se detecta mejor el c\u00e1ncer de mama con computadoras"},"content":{"rendered":"<p>\nEstudios apoyados en computadoras para detectar el c\u00e1ncer de mama no agregan ning\u00fan beneficio a la revisi\u00f3n, pero s\u00ed incrementan considerablemente los costos, de acuerdo con un estudio difundido el lunes en Estados Unidos. <\/p>\n<p>La t\u00e9cnica usa un  software  especial para resaltar \u00e1reas de aspecto sospechoso en im\u00e1genes de mamograf\u00edas que los radi\u00f3logos pudieron pasar por alto. Los m\u00e9dicos entonces vuelven a analizarlas antes de dar un diagn\u00f3stico. <\/p>\n<p>Pero algunos de estos estudios se hac\u00edan en un inicio con pel\u00edculas anticuadas de rayos X y no con digitales, que son m\u00e1s avanzadas, como las utilizadas ahora en la mayor\u00eda de las mamograf\u00edas a nivel nacional, se\u00f1alaron los autores del estudio. <\/p>\n<p>La t\u00e9cnica anterior era m\u00e1s complicada; ahora la detecci\u00f3n asistida por computadora es parte est\u00e1ndar de las m\u00e1quinas de mamograf\u00eda digitales. El estudio incluye a unas 324 mil mujeres a quienes les hicieron mamograf\u00edas digitales entre 2003 y 2009. <\/p>\n<p>Los investigadores compararon los \u00edndices de detecci\u00f3n de c\u00e1ncer \u00a0luego de los escaneos y sin la detecci\u00f3n asistida por computadora.\u00a0 Cerca de  20%  de los escaneos no inclu\u00edan la tecnolog\u00eda. <\/p>\n<p>El \u00edndice general de detecci\u00f3n de c\u00e1ncer, unas 4 en mil mujeres, fue similar en ambos grupos. <\/p>\n<p>Los escaneos asistidos por computadora s\u00ed demostraron ser mejores para detectar los tumores en las primeras etapas llamados carcinoma ductal in situ, pero si eso es ben\u00e9fico est\u00e1 a discusi\u00f3n porque estos tumores no son invasivos y algunos expertos consideran que no deben considerarse como c\u00e1nceres verdaderos. <\/p>\n<p>La tecnolog\u00eda \u00abpodr\u00eda fomentar a los radi\u00f3logos a encontrar lesiones que no importen tanto\u00bb, expres\u00f3 la autora principal, la doctora Constance Lehman, directora de im\u00e1genes de mama en el hospital general de Massachusetts. <\/p>\n<p>\u00abEl jurado todav\u00eda no decide si eso beneficia a estas mujeres\u00bb. El estudio se public\u00f3 el lunes en la gaceta m\u00e9dica  JAMA Internal Medicine  y fue financiado por el Instituto Nacional de C\u00e1ncer. <\/p>\n<p>\u00a0 <\/p>\n<p>\u00a0 <\/p>\n","protected":false},"excerpt":{"rendered":"<p>Estudios apoyados en computadoras para detectar el c\u00e1ncer de mama <a href=\"https:\/\/sertv.gob.pa\/nacionalfm\/no-se-detecta-mejor-el-cancer-de-mama-con-computadoras\/\"> [&#8230;]<\/a><\/p>\n","protected":false},"author":1,"featured_media":7826,"comment_status":"closed","ping_status":"closed","sticky":false,"template":"","format":"standard","meta":{"footnotes":""},"categories":[5],"tags":[],"class_list":["post-7825","post","type-post","status-publish","format-standard","has-post-thumbnail","hentry","category-salud"],"_links":{"self":[{"href":"https:\/\/sertv.gob.pa\/nacionalfm\/wp-json\/wp\/v2\/posts\/7825","targetHints":{"allow":["GET"]}}],"collection":[{"href":"https:\/\/sertv.gob.pa\/nacionalfm\/wp-json\/wp\/v2\/posts"}],"about":[{"href":"https:\/\/sertv.gob.pa\/nacionalfm\/wp-json\/wp\/v2\/types\/post"}],"author":[{"embeddable":true,"href":"https:\/\/sertv.gob.pa\/nacionalfm\/wp-json\/wp\/v2\/users\/1"}],"replies":[{"embeddable":true,"href":"https:\/\/sertv.gob.pa\/nacionalfm\/wp-json\/wp\/v2\/comments?post=7825"}],"version-history":[{"count":0,"href":"https:\/\/sertv.gob.pa\/nacionalfm\/wp-json\/wp\/v2\/posts\/7825\/revisions"}],"wp:featuredmedia":[{"embeddable":true,"href":"https:\/\/sertv.gob.pa\/nacionalfm\/wp-json\/wp\/v2\/media\/7826"}],"wp:attachment":[{"href":"https:\/\/sertv.gob.pa\/nacionalfm\/wp-json\/wp\/v2\/media?parent=7825"}],"wp:term":[{"taxonomy":"category","embeddable":true,"href":"https:\/\/sertv.gob.pa\/nacionalfm\/wp-json\/wp\/v2\/categories?post=7825"},{"taxonomy":"post_tag","embeddable":true,"href":"https:\/\/sertv.gob.pa\/nacionalfm\/wp-json\/wp\/v2\/tags?post=7825"}],"curies":[{"name":"wp","href":"https:\/\/api.w.org\/{rel}","templated":true}]}}