{"id":7841,"date":"2015-09-30T18:12:01","date_gmt":"2015-09-30T18:12:01","guid":{"rendered":""},"modified":"2015-09-30T18:12:01","modified_gmt":"2015-09-30T18:12:01","slug":"la-artritis-reumatoide-no-tiene-por-que-ser-discapacitante","status":"publish","type":"post","link":"https:\/\/sertv.gob.pa\/nacionalfm\/la-artritis-reumatoide-no-tiene-por-que-ser-discapacitante\/","title":{"rendered":"La artritis reumatoide no tiene por qu\u00e9 ser discapacitante"},"content":{"rendered":"<p>\nEse es el mensaje clave que quieren enviar los 426 miembros de la  Fundaci\u00f3n de Artritis Reumatoide de Panam\u00e1 (Funarp) , en el marco del  D\u00eda Nacional de la Artritis , que se conmemora hoy  30 de septiembre , afirma la vicepresidenta de este grupo,  Enma Pinz\u00f3n de Torres . <\/p>\n<p>Este mensaje se transmite a trav\u00e9s de una campa\u00f1a que lleva como lema &ldquo; Vivir con artritis: discapacidad invisible &rdquo;. <\/p>\n<p>Para motivar a quienes padecen artritis a no quedarse de brazos cruzados, y empoderarlos a tratar su condici\u00f3n, la campa\u00f1a se difunde en las  redes sociales  de la Funarp con  #HayEsperanza , a trav\u00e9s de fotograf\u00edas de pacientes que son miembros de la fundaci\u00f3n, quienes posan con un cartel que lleva este mensaje. <\/p>\n<p>La artritis es una  enfermedad autoinmune , que conlleva la inflamaci\u00f3n de estructuras de la articulaci\u00f3n (cart\u00edlago, tendones y ligamentos); es decir, que su propio sistema de defensa ataca sus articulaciones de manera descontrolada y permanente. <\/p>\n<p>No obstante, &ldquo;con los avances de la medicina no se justifica que hayan  pacientes  discapacitados por la  enfermedad &rdquo;, a\u00f1ade Pinz\u00f3n de Torres, quien es farmac\u00e9utica. Por eso, esta campa\u00f1a promueve que el paciente busque atenci\u00f3n m\u00e9dica. <\/p>\n<p>\u00a0 <\/p>\n<p>\u00a0 <\/p>\n<p>\u00a0 <\/p>\n","protected":false},"excerpt":{"rendered":"<p>Ese es el mensaje clave que quieren enviar los 426 <a href=\"https:\/\/sertv.gob.pa\/nacionalfm\/la-artritis-reumatoide-no-tiene-por-que-ser-discapacitante\/\"> [&#8230;]<\/a><\/p>\n","protected":false},"author":1,"featured_media":7842,"comment_status":"closed","ping_status":"closed","sticky":false,"template":"","format":"standard","meta":{"footnotes":""},"categories":[5],"tags":[],"class_list":["post-7841","post","type-post","status-publish","format-standard","has-post-thumbnail","hentry","category-salud"],"_links":{"self":[{"href":"https:\/\/sertv.gob.pa\/nacionalfm\/wp-json\/wp\/v2\/posts\/7841","targetHints":{"allow":["GET"]}}],"collection":[{"href":"https:\/\/sertv.gob.pa\/nacionalfm\/wp-json\/wp\/v2\/posts"}],"about":[{"href":"https:\/\/sertv.gob.pa\/nacionalfm\/wp-json\/wp\/v2\/types\/post"}],"author":[{"embeddable":true,"href":"https:\/\/sertv.gob.pa\/nacionalfm\/wp-json\/wp\/v2\/users\/1"}],"replies":[{"embeddable":true,"href":"https:\/\/sertv.gob.pa\/nacionalfm\/wp-json\/wp\/v2\/comments?post=7841"}],"version-history":[{"count":0,"href":"https:\/\/sertv.gob.pa\/nacionalfm\/wp-json\/wp\/v2\/posts\/7841\/revisions"}],"wp:featuredmedia":[{"embeddable":true,"href":"https:\/\/sertv.gob.pa\/nacionalfm\/wp-json\/wp\/v2\/media\/7842"}],"wp:attachment":[{"href":"https:\/\/sertv.gob.pa\/nacionalfm\/wp-json\/wp\/v2\/media?parent=7841"}],"wp:term":[{"taxonomy":"category","embeddable":true,"href":"https:\/\/sertv.gob.pa\/nacionalfm\/wp-json\/wp\/v2\/categories?post=7841"},{"taxonomy":"post_tag","embeddable":true,"href":"https:\/\/sertv.gob.pa\/nacionalfm\/wp-json\/wp\/v2\/tags?post=7841"}],"curies":[{"name":"wp","href":"https:\/\/api.w.org\/{rel}","templated":true}]}}