{"id":7845,"date":"2015-09-30T18:18:15","date_gmt":"2015-09-30T18:18:15","guid":{"rendered":""},"modified":"2015-09-30T18:18:15","modified_gmt":"2015-09-30T18:18:15","slug":"bajan-los-casos-por-el-virus-hanta","status":"publish","type":"post","link":"https:\/\/sertv.gob.pa\/nacionalfm\/bajan-los-casos-por-el-virus-hanta\/","title":{"rendered":"Bajan los casos por el virus hanta"},"content":{"rendered":"<p>\n\u00danicamente 18 casos de personas afectadas por el virus hanta se han reportado en lo que va del a\u00f1o en la provincia de Los Santos, cifra que durante el mismo periodo de 2014 fue de 61 casos, inform\u00f3 Nahir Cede\u00f1o, directora regional de Salud. <\/p>\n<p>&ldquo;Esto nos indica que la poblaci\u00f3n est\u00e1 tomando conciencia y acoge las recomendaciones del Ministerio de Salud (Minsa)&rdquo;, se\u00f1al\u00f3.\u00a0 <\/p>\n<p>Cede\u00f1o a\u00f1adi\u00f3 que en el distrito de Tonos\u00ed, que concentra la mayor cantidad de casos, los productores est\u00e1n usando los silos met\u00e1licos que el Minsa les entreg\u00f3. <\/p>\n<p>Detall\u00f3 que en ese distrito se distribuyeron 325 de los 500 silos que se dispusieron para la provincia sante\u00f1a. <\/p>\n<p>Afirm\u00f3 que los monitoreos efectuados por el Instituto Conmemorativo Gorgas de Estudios de la Salud indican una baja en la poblaci\u00f3n de los roedores que transmiten esta enfermedad. <\/p>\n<p>\u00a0 <\/p>\n<p>\u00a0 <\/p>\n","protected":false},"excerpt":{"rendered":"<p>\u00danicamente 18 casos de personas afectadas por el virus hanta <a href=\"https:\/\/sertv.gob.pa\/nacionalfm\/bajan-los-casos-por-el-virus-hanta\/\"> [&#8230;]<\/a><\/p>\n","protected":false},"author":1,"featured_media":7846,"comment_status":"closed","ping_status":"closed","sticky":false,"template":"","format":"standard","meta":{"footnotes":""},"categories":[5],"tags":[],"class_list":["post-7845","post","type-post","status-publish","format-standard","has-post-thumbnail","hentry","category-salud"],"_links":{"self":[{"href":"https:\/\/sertv.gob.pa\/nacionalfm\/wp-json\/wp\/v2\/posts\/7845","targetHints":{"allow":["GET"]}}],"collection":[{"href":"https:\/\/sertv.gob.pa\/nacionalfm\/wp-json\/wp\/v2\/posts"}],"about":[{"href":"https:\/\/sertv.gob.pa\/nacionalfm\/wp-json\/wp\/v2\/types\/post"}],"author":[{"embeddable":true,"href":"https:\/\/sertv.gob.pa\/nacionalfm\/wp-json\/wp\/v2\/users\/1"}],"replies":[{"embeddable":true,"href":"https:\/\/sertv.gob.pa\/nacionalfm\/wp-json\/wp\/v2\/comments?post=7845"}],"version-history":[{"count":0,"href":"https:\/\/sertv.gob.pa\/nacionalfm\/wp-json\/wp\/v2\/posts\/7845\/revisions"}],"wp:featuredmedia":[{"embeddable":true,"href":"https:\/\/sertv.gob.pa\/nacionalfm\/wp-json\/wp\/v2\/media\/7846"}],"wp:attachment":[{"href":"https:\/\/sertv.gob.pa\/nacionalfm\/wp-json\/wp\/v2\/media?parent=7845"}],"wp:term":[{"taxonomy":"category","embeddable":true,"href":"https:\/\/sertv.gob.pa\/nacionalfm\/wp-json\/wp\/v2\/categories?post=7845"},{"taxonomy":"post_tag","embeddable":true,"href":"https:\/\/sertv.gob.pa\/nacionalfm\/wp-json\/wp\/v2\/tags?post=7845"}],"curies":[{"name":"wp","href":"https:\/\/api.w.org\/{rel}","templated":true}]}}