{"id":7865,"date":"2015-10-01T18:34:27","date_gmt":"2015-10-01T18:34:27","guid":{"rendered":""},"modified":"2015-10-01T18:34:27","modified_gmt":"2015-10-01T18:34:27","slug":"dia-internacional-de-las-personas-sordas","status":"publish","type":"post","link":"https:\/\/sertv.gob.pa\/nacionalfm\/dia-internacional-de-las-personas-sordas\/","title":{"rendered":"D\u00eda Internacional de las personas sordas"},"content":{"rendered":"<p>\nSeg\u00fan la  Primera Encuesta de Discapacidad , llevada a cabo en 2006,  unas 78 mil personas  presentan p\u00e9rdida auditiva en  Panam\u00e1 . <\/p>\n<p>Sin embargo, los especialistas estiman que esta cifra puede ascender hasta  175 mil individuos , quienes no est\u00e1n conscientes de ello o que lo ocultan por temor a ser discriminados. <\/p>\n<p>Hoy,  1 de octubre,  se conmemora el  D\u00eda Internacional de las Personas Sordas . <\/p>\n<p>Existen varios niveles de p\u00e9rdida auditiva que van desde leve, moderada, severa y profunda. <\/p>\n<p> M\u00e1s del 5% de la poblaci\u00f3n mundial , es decir, unas 360 millones de personas,  padece p\u00e9rdida de audici\u00f3n discapacitante . <\/p>\n<p>El principal motivo de la p\u00e9rdida auditiva es la presbiacusia. <\/p>\n<p>Por otra parte, en los \u00faltimos a\u00f1os el uso de  reproductores de m\u00fasica  a altos decibeles ha ocasioando problemas auditivos en el o\u00eddo interno de sus usuarios. <\/p>\n<p>Asimismo existen casos de p\u00e9rdida auditiva hereditaria por otitis (inflamaci\u00f3n del o\u00eddo por una infecci\u00f3n) mal cuidada, etc\u00e9tera. <\/p>\n<p>\u00a0 <\/p>\n<p>\u00a0 <\/p>\n","protected":false},"excerpt":{"rendered":"<p>Seg\u00fan la Primera Encuesta de Discapacidad , llevada a cabo <a href=\"https:\/\/sertv.gob.pa\/nacionalfm\/dia-internacional-de-las-personas-sordas\/\"> [&#8230;]<\/a><\/p>\n","protected":false},"author":1,"featured_media":7866,"comment_status":"closed","ping_status":"closed","sticky":false,"template":"","format":"standard","meta":{"footnotes":""},"categories":[5],"tags":[],"class_list":["post-7865","post","type-post","status-publish","format-standard","has-post-thumbnail","hentry","category-salud"],"_links":{"self":[{"href":"https:\/\/sertv.gob.pa\/nacionalfm\/wp-json\/wp\/v2\/posts\/7865","targetHints":{"allow":["GET"]}}],"collection":[{"href":"https:\/\/sertv.gob.pa\/nacionalfm\/wp-json\/wp\/v2\/posts"}],"about":[{"href":"https:\/\/sertv.gob.pa\/nacionalfm\/wp-json\/wp\/v2\/types\/post"}],"author":[{"embeddable":true,"href":"https:\/\/sertv.gob.pa\/nacionalfm\/wp-json\/wp\/v2\/users\/1"}],"replies":[{"embeddable":true,"href":"https:\/\/sertv.gob.pa\/nacionalfm\/wp-json\/wp\/v2\/comments?post=7865"}],"version-history":[{"count":0,"href":"https:\/\/sertv.gob.pa\/nacionalfm\/wp-json\/wp\/v2\/posts\/7865\/revisions"}],"wp:featuredmedia":[{"embeddable":true,"href":"https:\/\/sertv.gob.pa\/nacionalfm\/wp-json\/wp\/v2\/media\/7866"}],"wp:attachment":[{"href":"https:\/\/sertv.gob.pa\/nacionalfm\/wp-json\/wp\/v2\/media?parent=7865"}],"wp:term":[{"taxonomy":"category","embeddable":true,"href":"https:\/\/sertv.gob.pa\/nacionalfm\/wp-json\/wp\/v2\/categories?post=7865"},{"taxonomy":"post_tag","embeddable":true,"href":"https:\/\/sertv.gob.pa\/nacionalfm\/wp-json\/wp\/v2\/tags?post=7865"}],"curies":[{"name":"wp","href":"https:\/\/api.w.org\/{rel}","templated":true}]}}