{"id":78841,"date":"2022-02-10T15:41:58","date_gmt":"2022-02-10T15:41:58","guid":{"rendered":"https:\/\/sertv.gob.pa\/nacionalfm\/?p=78841"},"modified":"2022-02-10T15:41:58","modified_gmt":"2022-02-10T15:41:58","slug":"dinamarca-esta-abierta-a-recibir-tropas-de-eeuu-como-parte-de-un-acuerdo-de-defensa-aun-en-negociaciones","status":"publish","type":"post","link":"https:\/\/sertv.gob.pa\/nacionalfm\/dinamarca-esta-abierta-a-recibir-tropas-de-eeuu-como-parte-de-un-acuerdo-de-defensa-aun-en-negociaciones\/","title":{"rendered":"Dinamarca est\u00e1 abierta a recibir tropas de EEUU como parte de un acuerdo de defensa a\u00fan en negociaciones"},"content":{"rendered":"<p><strong><em>MADRID, (EUROPA PRESS) \u2013<\/em><\/strong><\/p>\n<p><strong><em>\u00a0<\/em><\/strong><\/p>\n<p>La primera ministra de Dinamarca, Mette Frederiksen, se ha mostrado este jueves favorable a recibir efectivos de Estados Unidos como parte de un acuerdo en materia de defensa bilateral que a\u00fan se est\u00e1 negociando.<\/p>\n<p>En rueda de prensa, Frederiksen ha precisado que, si bien la naturaleza exacta de esta colaboraci\u00f3n a\u00fan no se ha definido, podr\u00eda implicar la presencia de tropas estadounidenses, material y equipamiento militar en suelo dan\u00e9s.<\/p>\n<p>La primera ministra de Dinamarca, pa\u00eds que es miembro de la OTAN, ha matizado que los detalles del acuerdo a\u00fan tienen que negociarse. Asimismo, ha destacado que el acuerdo no est\u00e1 relacionado con las tensiones entre Ucrania y Rusia.<\/p>\n<p>El ministro de Defensa de Dinamarca, Morten Bodskov, ha remarcado que el acuerdo no llevar\u00e1 a la apertura de bases estadounidenses en el pa\u00eds europeo, pero ha indicado que dar\u00eda a su Ej\u00e9rcito \u00abotro punto de apoyo\u00bb en Europa.<\/p>\n<p>Mientras, el ministro de Exteriores, Jeppe Kofod, ha explicado que Dinamarca es s\u00f3lo uno de los varios pa\u00edses que est\u00e1n mejorando sus acuerdos en materia de defensa con Washington, ha recogido el diario local &#8216;The Post&#8217;.<\/p>\n<p>Por su parte, el portavoz del Departamento de Estado de Estados Unidos, Ned Price, ha saludado la \u00aboferta\u00bb de Frederiksen y ha asegurado que, una vez concluidas las negociaciones, el acuerdo permitir\u00e1 a ambas naciones \u00abprofundizar la cercana asociaci\u00f3n en seguridad, fortalecer m\u00e1s la cooperaci\u00f3n en las operaciones de la OTAN y, juntos, contribuir al continuo crecimiento de la seguridad transatl\u00e1ntica\u00bb.<\/p>\n<p>En un comunicado, Price ha resaltado que las negociaciones son una \u00abprogresi\u00f3n natural de d\u00e9cadas de cooperaci\u00f3n en materia de seguridad\u00bb y, en sus palabras, el inicio del di\u00e1logo con Dinamarca \u00abrefleja el compromiso de Estados Unidos de reafirmar y revigorizar las alianzas de Estados Unidos para cumplir los retos en seguridad comunes mientras se protegen los intereses y valores compartidos\u00bb.<\/p>\n<p>&nbsp;<\/p>\n<p>Fuente: EUROPA PRESS<\/p>\n<p>&nbsp;<\/p>\n","protected":false},"excerpt":{"rendered":"<p>MADRID, (EUROPA PRESS) \u2013 \u00a0 La primera ministra de Dinamarca, <a href=\"https:\/\/sertv.gob.pa\/nacionalfm\/dinamarca-esta-abierta-a-recibir-tropas-de-eeuu-como-parte-de-un-acuerdo-de-defensa-aun-en-negociaciones\/\"> [&#8230;]<\/a><\/p>\n","protected":false},"author":9,"featured_media":78842,"comment_status":"closed","ping_status":"closed","sticky":false,"template":"","format":"standard","meta":{"footnotes":""},"categories":[3],"tags":[],"class_list":["post-78841","post","type-post","status-publish","format-standard","has-post-thumbnail","hentry","category-internacionales"],"_links":{"self":[{"href":"https:\/\/sertv.gob.pa\/nacionalfm\/wp-json\/wp\/v2\/posts\/78841","targetHints":{"allow":["GET"]}}],"collection":[{"href":"https:\/\/sertv.gob.pa\/nacionalfm\/wp-json\/wp\/v2\/posts"}],"about":[{"href":"https:\/\/sertv.gob.pa\/nacionalfm\/wp-json\/wp\/v2\/types\/post"}],"author":[{"embeddable":true,"href":"https:\/\/sertv.gob.pa\/nacionalfm\/wp-json\/wp\/v2\/users\/9"}],"replies":[{"embeddable":true,"href":"https:\/\/sertv.gob.pa\/nacionalfm\/wp-json\/wp\/v2\/comments?post=78841"}],"version-history":[{"count":1,"href":"https:\/\/sertv.gob.pa\/nacionalfm\/wp-json\/wp\/v2\/posts\/78841\/revisions"}],"predecessor-version":[{"id":78843,"href":"https:\/\/sertv.gob.pa\/nacionalfm\/wp-json\/wp\/v2\/posts\/78841\/revisions\/78843"}],"wp:featuredmedia":[{"embeddable":true,"href":"https:\/\/sertv.gob.pa\/nacionalfm\/wp-json\/wp\/v2\/media\/78842"}],"wp:attachment":[{"href":"https:\/\/sertv.gob.pa\/nacionalfm\/wp-json\/wp\/v2\/media?parent=78841"}],"wp:term":[{"taxonomy":"category","embeddable":true,"href":"https:\/\/sertv.gob.pa\/nacionalfm\/wp-json\/wp\/v2\/categories?post=78841"},{"taxonomy":"post_tag","embeddable":true,"href":"https:\/\/sertv.gob.pa\/nacionalfm\/wp-json\/wp\/v2\/tags?post=78841"}],"curies":[{"name":"wp","href":"https:\/\/api.w.org\/{rel}","templated":true}]}}