{"id":78844,"date":"2022-02-10T15:58:20","date_gmt":"2022-02-10T15:58:20","guid":{"rendered":"https:\/\/sertv.gob.pa\/nacionalfm\/?p=78844"},"modified":"2022-02-10T15:58:20","modified_gmt":"2022-02-10T15:58:20","slug":"al-menos-20-muertos-por-el-accidente-de-un-autobus-en-el-norte-de-peru","status":"publish","type":"post","link":"https:\/\/sertv.gob.pa\/nacionalfm\/al-menos-20-muertos-por-el-accidente-de-un-autobus-en-el-norte-de-peru\/","title":{"rendered":"Al menos 20 muertos por el accidente de un autob\u00fas en el norte de Per\u00fa"},"content":{"rendered":"<p><strong><em>MADRID, (EUROPA PRESS) \u2013<\/em><\/strong><\/p>\n<p><strong><em>\u00a0<\/em><\/strong><\/p>\n<p>Al menos 20 personas han muerto y otras 33 han resultado heridas despu\u00e9s de que el autob\u00fas en el que viajaban se haya despe\u00f1ado unos cien metros en el departamento peruano de Libertad, situado en el norte del pa\u00eds, seg\u00fan las autoridades sanitarias de la regi\u00f3n.<\/p>\n<p>El accidente, ocurrido el mi\u00e9rcoles en la provincia de Pataz, motiv\u00f3 el desplazamiento no solo de personal de los servicios de emergencia, sino tambi\u00e9n de vecinos de la zona que se apresuraron a colaborar en las tareas de rescate de las v\u00edctimas, informa la emisora RPP.<\/p>\n<p>Las autoridades no han aclarado las circunstancias exactas de este siniestro, similar a otros ocurridos recientemente en Per\u00fa. Los accidentes de autob\u00fas son relativamente frecuentes por las caracter\u00edsticas de las carreteras y el mal estado del parque m\u00f3vil.<\/p>\n<p>&nbsp;<\/p>\n<p>Fuente: EUROPA PRESS<\/p>\n<p>&nbsp;<\/p>\n","protected":false},"excerpt":{"rendered":"<p>MADRID, (EUROPA PRESS) \u2013 \u00a0 Al menos 20 personas han <a href=\"https:\/\/sertv.gob.pa\/nacionalfm\/al-menos-20-muertos-por-el-accidente-de-un-autobus-en-el-norte-de-peru\/\"> [&#8230;]<\/a><\/p>\n","protected":false},"author":9,"featured_media":78845,"comment_status":"closed","ping_status":"closed","sticky":false,"template":"","format":"standard","meta":{"footnotes":""},"categories":[3],"tags":[],"class_list":["post-78844","post","type-post","status-publish","format-standard","has-post-thumbnail","hentry","category-internacionales"],"_links":{"self":[{"href":"https:\/\/sertv.gob.pa\/nacionalfm\/wp-json\/wp\/v2\/posts\/78844","targetHints":{"allow":["GET"]}}],"collection":[{"href":"https:\/\/sertv.gob.pa\/nacionalfm\/wp-json\/wp\/v2\/posts"}],"about":[{"href":"https:\/\/sertv.gob.pa\/nacionalfm\/wp-json\/wp\/v2\/types\/post"}],"author":[{"embeddable":true,"href":"https:\/\/sertv.gob.pa\/nacionalfm\/wp-json\/wp\/v2\/users\/9"}],"replies":[{"embeddable":true,"href":"https:\/\/sertv.gob.pa\/nacionalfm\/wp-json\/wp\/v2\/comments?post=78844"}],"version-history":[{"count":1,"href":"https:\/\/sertv.gob.pa\/nacionalfm\/wp-json\/wp\/v2\/posts\/78844\/revisions"}],"predecessor-version":[{"id":78847,"href":"https:\/\/sertv.gob.pa\/nacionalfm\/wp-json\/wp\/v2\/posts\/78844\/revisions\/78847"}],"wp:featuredmedia":[{"embeddable":true,"href":"https:\/\/sertv.gob.pa\/nacionalfm\/wp-json\/wp\/v2\/media\/78845"}],"wp:attachment":[{"href":"https:\/\/sertv.gob.pa\/nacionalfm\/wp-json\/wp\/v2\/media?parent=78844"}],"wp:term":[{"taxonomy":"category","embeddable":true,"href":"https:\/\/sertv.gob.pa\/nacionalfm\/wp-json\/wp\/v2\/categories?post=78844"},{"taxonomy":"post_tag","embeddable":true,"href":"https:\/\/sertv.gob.pa\/nacionalfm\/wp-json\/wp\/v2\/tags?post=78844"}],"curies":[{"name":"wp","href":"https:\/\/api.w.org\/{rel}","templated":true}]}}