{"id":78848,"date":"2022-02-10T16:24:30","date_gmt":"2022-02-10T16:24:30","guid":{"rendered":"https:\/\/sertv.gob.pa\/nacionalfm\/?p=78848"},"modified":"2022-02-10T16:24:30","modified_gmt":"2022-02-10T16:24:30","slug":"la-otan-traslada-a-ucrania-su-apoyo-politico-y-practico-frente-a-la-amenaza-de-invasion-rusa","status":"publish","type":"post","link":"https:\/\/sertv.gob.pa\/nacionalfm\/la-otan-traslada-a-ucrania-su-apoyo-politico-y-practico-frente-a-la-amenaza-de-invasion-rusa\/","title":{"rendered":"La OTAN traslada a Ucrania su apoyo \u00abpol\u00edtico y pr\u00e1ctico\u00bb frente a la amenaza de invasi\u00f3n rusa"},"content":{"rendered":"<p><strong><em>BRUSELAS, (EUROPA PRESS) \u2013<\/em><\/strong><\/p>\n<p><strong><em>\u00a0<\/em><\/strong><\/p>\n<p>La OTAN ha trasladado este jueves a Ucrania su apoyo \u00abpol\u00edtico\u00bb y \u00abpr\u00e1ctico\u00bb ante la amenaza a la seguridad que representa el despliegue de tropas rusas en la frontera con Ucrania y en Bielorrusia.<\/p>\n<p>As\u00ed lo ha reiterado el secretario general de la OTAN, Jens Stoltenberg, en una llamada telef\u00f3nica con el presidente de Ucrania, Volodimir Zelenski, para tratar la situaci\u00f3n en Ucrania, que llega en plena ronda de contactos de la organizaci\u00f3n militar con sus miembros y socios para asegurar una respuesta com\u00fan a Rusia.<\/p>\n<p>\u00abLa OTAN continuar\u00e1 el apoyo pol\u00edtico y pr\u00e1ctico para un socio muy valorado. Pedimos a Rusia que desescale la situaci\u00f3n y siga el camino del di\u00e1logo para encontrar una soluci\u00f3n pac\u00edfica\u00bb, ha se\u00f1alado el ex primer ministro noruego en un mensaje en Twitter tras mantener el contacto.<\/p>\n<p>Stoltenberg ha redoblado los \u00faltimos d\u00edas los contactos con los aliados ante la amenaza militar rusa, que mantiene 100.000 tropas y unidades log\u00edsticas a las puertas de Ucrania y ha desplegado 30.000 fuerzas en Bielorrusia para realizar maniobras conjuntas.<\/p>\n<p>Desde principios de mes, el jefe pol\u00edtico de la OTAN ha mantenido contactos con el presidente de Turquia, Recep Tayyip Erdogan, el de Francia, Emmanuel Macron, o los primeros ministros de Pa\u00edses Bajos, Bulgaria, Dinamarca y Hungr\u00eda, \u00e9ste \u00faltimo en plena visita de Viktor Orb\u00e1n a Mosc\u00fa.<\/p>\n<p>Adem\u00e1s, recibi\u00f3 este lunes al presidente polaco, Andrezj Duda, y el jueves al primer ministro brit\u00e1nico, Boris Johnson, en la sede de la Alianza Atl\u00e1ntica, ante los que defendi\u00f3 la presencia militar en el flanco oriental, y viaja a Ruman\u00eda este viernes para entrevistarse con el presidente, Klaus Iohannis, con el aumento de las tropas de la OTAN en el pa\u00eds sobre la mesa.<\/p>\n<p>&nbsp;<\/p>\n<p>Fuente: EUROPA PRESS<\/p>\n<p>&nbsp;<\/p>\n","protected":false},"excerpt":{"rendered":"<p>BRUSELAS, (EUROPA PRESS) \u2013 \u00a0 La OTAN ha trasladado este <a href=\"https:\/\/sertv.gob.pa\/nacionalfm\/la-otan-traslada-a-ucrania-su-apoyo-politico-y-practico-frente-a-la-amenaza-de-invasion-rusa\/\"> [&#8230;]<\/a><\/p>\n","protected":false},"author":9,"featured_media":78849,"comment_status":"closed","ping_status":"closed","sticky":false,"template":"","format":"standard","meta":{"footnotes":""},"categories":[3],"tags":[],"class_list":["post-78848","post","type-post","status-publish","format-standard","has-post-thumbnail","hentry","category-internacionales"],"_links":{"self":[{"href":"https:\/\/sertv.gob.pa\/nacionalfm\/wp-json\/wp\/v2\/posts\/78848","targetHints":{"allow":["GET"]}}],"collection":[{"href":"https:\/\/sertv.gob.pa\/nacionalfm\/wp-json\/wp\/v2\/posts"}],"about":[{"href":"https:\/\/sertv.gob.pa\/nacionalfm\/wp-json\/wp\/v2\/types\/post"}],"author":[{"embeddable":true,"href":"https:\/\/sertv.gob.pa\/nacionalfm\/wp-json\/wp\/v2\/users\/9"}],"replies":[{"embeddable":true,"href":"https:\/\/sertv.gob.pa\/nacionalfm\/wp-json\/wp\/v2\/comments?post=78848"}],"version-history":[{"count":1,"href":"https:\/\/sertv.gob.pa\/nacionalfm\/wp-json\/wp\/v2\/posts\/78848\/revisions"}],"predecessor-version":[{"id":78850,"href":"https:\/\/sertv.gob.pa\/nacionalfm\/wp-json\/wp\/v2\/posts\/78848\/revisions\/78850"}],"wp:featuredmedia":[{"embeddable":true,"href":"https:\/\/sertv.gob.pa\/nacionalfm\/wp-json\/wp\/v2\/media\/78849"}],"wp:attachment":[{"href":"https:\/\/sertv.gob.pa\/nacionalfm\/wp-json\/wp\/v2\/media?parent=78848"}],"wp:term":[{"taxonomy":"category","embeddable":true,"href":"https:\/\/sertv.gob.pa\/nacionalfm\/wp-json\/wp\/v2\/categories?post=78848"},{"taxonomy":"post_tag","embeddable":true,"href":"https:\/\/sertv.gob.pa\/nacionalfm\/wp-json\/wp\/v2\/tags?post=78848"}],"curies":[{"name":"wp","href":"https:\/\/api.w.org\/{rel}","templated":true}]}}