{"id":7889,"date":"2015-10-02T14:54:30","date_gmt":"2015-10-02T14:54:30","guid":{"rendered":""},"modified":"2015-10-02T14:54:30","modified_gmt":"2015-10-02T14:54:30","slug":"atencion-del-cancer-en-panama-segun-el-ion","status":"publish","type":"post","link":"https:\/\/sertv.gob.pa\/nacionalfm\/atencion-del-cancer-en-panama-segun-el-ion\/","title":{"rendered":"Atenci\u00f3n del C\u00e1ncer en Panam\u00e1 seg\u00fan el ION"},"content":{"rendered":"<p>\nEn relaci\u00f3n a octubre, que ha sido escogido como mes de la prevenci\u00f3n del C\u00e1ncer, \u00a0actualmente informes del Instituto Oncol\u00f3gico Nacional (ION), revelan que la atenci\u00f3n de casos de esta enfermedad refleja aumentos en comparaci\u00f3n al a\u00f1o 2014. <\/p>\n<p>En lo que se trata al caso de las consultas, de enero hasta agosto del a\u00f1o pasado se atendieron 64,559 consultas, mientras que en el mismo per\u00edodo del 2015 recibieron atenci\u00f3n\u00a0 68.570 personas, lo que significa un incremento de 4,011 consultas m\u00e1s. <\/p>\n<p>Del mismo modo, se registr\u00f3 un incremento \u00a0de casos en admisi\u00f3n en similar lapso de tiempo, pues el a\u00f1o pasado se admitieron 3,867 casos comparados con los 4,453 de este a\u00f1o, lo que signific\u00f3 496 admisiones m\u00e1s.\u00a0 <\/p>\n<p>Tambi\u00e9n, un total de 2,031 cirug\u00edas se dieron entre enero y agosto de 2014, mientras que en igual lapso en el 2015 se hicieron 2,298 intervenciones quir\u00fargicas, registrando aumento de 267 casos m\u00e1s de operados. <\/p>\n","protected":false},"excerpt":{"rendered":"<p>En relaci\u00f3n a octubre, que ha sido escogido como mes <a href=\"https:\/\/sertv.gob.pa\/nacionalfm\/atencion-del-cancer-en-panama-segun-el-ion\/\"> [&#8230;]<\/a><\/p>\n","protected":false},"author":1,"featured_media":7890,"comment_status":"closed","ping_status":"closed","sticky":false,"template":"","format":"standard","meta":{"footnotes":""},"categories":[5],"tags":[],"class_list":["post-7889","post","type-post","status-publish","format-standard","has-post-thumbnail","hentry","category-salud"],"_links":{"self":[{"href":"https:\/\/sertv.gob.pa\/nacionalfm\/wp-json\/wp\/v2\/posts\/7889","targetHints":{"allow":["GET"]}}],"collection":[{"href":"https:\/\/sertv.gob.pa\/nacionalfm\/wp-json\/wp\/v2\/posts"}],"about":[{"href":"https:\/\/sertv.gob.pa\/nacionalfm\/wp-json\/wp\/v2\/types\/post"}],"author":[{"embeddable":true,"href":"https:\/\/sertv.gob.pa\/nacionalfm\/wp-json\/wp\/v2\/users\/1"}],"replies":[{"embeddable":true,"href":"https:\/\/sertv.gob.pa\/nacionalfm\/wp-json\/wp\/v2\/comments?post=7889"}],"version-history":[{"count":0,"href":"https:\/\/sertv.gob.pa\/nacionalfm\/wp-json\/wp\/v2\/posts\/7889\/revisions"}],"wp:featuredmedia":[{"embeddable":true,"href":"https:\/\/sertv.gob.pa\/nacionalfm\/wp-json\/wp\/v2\/media\/7890"}],"wp:attachment":[{"href":"https:\/\/sertv.gob.pa\/nacionalfm\/wp-json\/wp\/v2\/media?parent=7889"}],"wp:term":[{"taxonomy":"category","embeddable":true,"href":"https:\/\/sertv.gob.pa\/nacionalfm\/wp-json\/wp\/v2\/categories?post=7889"},{"taxonomy":"post_tag","embeddable":true,"href":"https:\/\/sertv.gob.pa\/nacionalfm\/wp-json\/wp\/v2\/tags?post=7889"}],"curies":[{"name":"wp","href":"https:\/\/api.w.org\/{rel}","templated":true}]}}